{"id":9342,"date":"2021-07-15T10:27:30","date_gmt":"2021-07-15T08:27:30","guid":{"rendered":"http:\/\/todaynews24campania.it\/?p=9342"},"modified":"2021-07-15T10:27:33","modified_gmt":"2021-07-15T08:27:33","slug":"torre-annunziata-mattia-russo-nuovo-coordinatore-del-forum-dei-giovani","status":"publish","type":"post","link":"https:\/\/todaynews24campania.it\/?p=9342","title":{"rendered":"Torre Annunziata, Mattia Russo nuovo coordinatore del Forum dei Giovani"},"content":{"rendered":"\n<p>Mattia Russo\u00a0\u00e8 il nuovo coordinatore del\u00a0Forum dei Giovani di Torre Annunziata. Nel corso dell&#8217;assemblea del Forum, riunita nella sala consiliare del Comune il 14 luglio, il neo-coordinatore ha ottenuto la maggioranza dei voti dei consiglieri presenti. Inizia quindi un nuovo ciclo per il Forum torrese, che grazie al nuovo regolamento conta quest&#8217;anno la partecipazione di\u00a020 consiglieri, oltre al coordinatore.\u00a0<\/p>\n\n\n\n<p>\u201cIn un periodo particolare dal punto di vista sociale come questo per la nostra citt\u00e0, quella del forum\u00a0sar\u00e0 una sfida\u00a0complessa\u00a0su tutti i fronti\u201d, cos\u00ec Mattia Russo esordisce in seguito allo spoglio dei voti. \u201cSiamo convinti di poter dare esempio alla nostra generazione e a quella precedente, adottando progettazioni e strumenti proficui per la crescita della realt\u00e0 giovanile mantenendo sempre saldi tre valori fondamentali:\u00a0trasparenza, democrazia ed inclusione. Cercheremo in tutti i modi di invertire la rotta sulle priorit\u00e0 delle politiche giovanili a Torre Annunziata, Sicuri della collaborazione e dell&#8217;aiuto dell&#8217;amministrazione che non dovr\u00e0 mancare\u201d.<\/p>\n\n\n\n<p>Presente difatti alle elezioni anche l&#8217;amministrazione comunale torrese, rappresentata dall\u2019assessore alle Politiche Giovanili Luisa Refuto, che sin da subito ha mostrato pieno sostegno alle attivit\u00e0 dell&#8217;associazione. \u201cSono sicura che con il Forum potr\u00e0 instaurarsi un\u00a0rapporto proficuo e di reciproca collaborazione\u201d, ha spiegato la Refuto. \u201cSono felice che, come coordinatore, sia stato eletto un giovane che gi\u00e0 ha preso parte alle passate esperienze del Forum, e che quindi non sia completamente estraneo alle attivit\u00e0 che lo riguardano. L\u2019amministrazione sar\u00e0 sempre disponibile ad accogliere e ascoltare le istanze dei giovani torresi, che purtroppo ora sono pervasi da una sfiducia generale nei confronti della politica, locale e non. Tuttavia, lavorando assieme, grazie alle capacit\u00e0 e alla creativit\u00e0 dei membri dell&#8217;assemblea, sono sicura che potremo raggiungere importanti risultati nel periodo in cui lavoreremo assieme\u201d.\u00a0L&#8217;attuale composizione del Forum durer\u00e0 tre anni, e lavorer\u00e0 dunque in sinergia con amministrazioni comunali differenti, rimanendo come entit\u00e0 sempre estranea ad ogni coinvolgimento partitico.\u00a0<\/p>\n\n\n\n<p>Anche il consigliere comunale Salvatore Solimeno \u00e8 intervenuto nel corso della riunione, accodandosi agli auguri dell\u2019assessore Refuto e aggiungendo: \u201cIl Forum \u00e8 sempre stato un\u00a0fiore all&#8217;occhiello della nostra citt\u00e0, e anche questa volta non vengono deluse le aspettative grazie anche e soprattutto alla pluralit\u00e0 di vedute e idee al proprio interno. Al neo-coordinatore Mattia Russo e al Forum tutto auguro il meglio per gli anni a venire\u201d.<\/p>\n","protected":false},"excerpt":{"rendered":"<p>Mattia Russo\u00a0\u00e8 il nuovo coordinatore del\u00a0Forum dei Giovani di Torre Annunziata. Nel corso dell&#8217;assemblea del Forum, riunita nella sala consiliare del Comune il 14 luglio, il neo-coordinatore ha ottenuto la maggioranza dei voti dei consiglieri presenti. Inizia quindi un nuovo ciclo per il Forum torrese, che grazie al nuovo regolamento conta quest&#8217;anno la partecipazione di\u00a020 &hellip;<\/p>\n","protected":false},"author":3,"featured_media":9343,"comment_status":"open","ping_status":"open","sticky":false,"template":"","format":"standard","meta":{"footnotes":""},"categories":[79,31],"tags":[],"class_list":["post-9342","post","type-post","status-publish","format-standard","has-post-thumbnail","hentry","category-attualita-napoli","category-napoli"],"aioseo_notices":[],"_links":{"self":[{"href":"https:\/\/todaynews24campania.it\/index.php?rest_route=\/wp\/v2\/posts\/9342","targetHints":{"allow":["GET"]}}],"collection":[{"href":"https:\/\/todaynews24campania.it\/index.php?rest_route=\/wp\/v2\/posts"}],"about":[{"href":"https:\/\/todaynews24campania.it\/index.php?rest_route=\/wp\/v2\/types\/post"}],"author":[{"embeddable":true,"href":"https:\/\/todaynews24campania.it\/index.php?rest_route=\/wp\/v2\/users\/3"}],"replies":[{"embeddable":true,"href":"https:\/\/todaynews24campania.it\/index.php?rest_route=%2Fwp%2Fv2%2Fcomments&post=9342"}],"version-history":[{"count":1,"href":"https:\/\/todaynews24campania.it\/index.php?rest_route=\/wp\/v2\/posts\/9342\/revisions"}],"predecessor-version":[{"id":9344,"href":"https:\/\/todaynews24campania.it\/index.php?rest_route=\/wp\/v2\/posts\/9342\/revisions\/9344"}],"wp:featuredmedia":[{"embeddable":true,"href":"https:\/\/todaynews24campania.it\/index.php?rest_route=\/wp\/v2\/media\/9343"}],"wp:attachment":[{"href":"https:\/\/todaynews24campania.it\/index.php?rest_route=%2Fwp%2Fv2%2Fmedia&parent=9342"}],"wp:term":[{"taxonomy":"category","embeddable":true,"href":"https:\/\/todaynews24campania.it\/index.php?rest_route=%2Fwp%2Fv2%2Fcategories&post=9342"},{"taxonomy":"post_tag","embeddable":true,"href":"https:\/\/todaynews24campania.it\/index.php?rest_route=%2Fwp%2Fv2%2Ftags&post=9342"}],"curies":[{"name":"wp","href":"https:\/\/api.w.org\/{rel}","templated":true}]}}