{"id":9290,"date":"2021-07-15T08:28:54","date_gmt":"2021-07-15T06:28:54","guid":{"rendered":"http:\/\/todaynews24campania.it\/?p=9290"},"modified":"2021-07-15T08:28:57","modified_gmt":"2021-07-15T06:28:57","slug":"calciomercato-le-ultime-dalla-salernitana","status":"publish","type":"post","link":"https:\/\/todaynews24campania.it\/?p=9290","title":{"rendered":"Calciomercato: le ultime dalla Salernitana"},"content":{"rendered":"\n<p>Dopo l\u2019ufficializzazione dell\u2019iscrizione al prossimo campionato di Serie A, la Salernitana \u00e8 pronta a cominciare la propria avventura nel massimo campionato italiano. Sono giorni caldi anche per quanto riguarda il mercato granata, tanto in entrata quanto in uscita, vista la necessit\u00e0 di costruire una squadra in grado di mantenere la categoria, conquistata con fatica dopo cos\u00ec tanti anni.<\/p>\n\n\n\n<p>Il rischio, infatti, \u00e8 di partire per il ritiro di Cascia senza volti nuovi e, soprattutto, con molti giocatori gi\u00e0 con le valige in mano. Mister Castori sar\u00e0 dunque costretto a costruire lo scheletro della squadra senza gran parte dei titolari, ma il Ds Fabiani \u00e8 al lavoro per allestire una formazione all\u2019altezza della categoria.&nbsp;<\/p>\n\n\n\n<p>Il portiere titolare, a meno di occasioni dell\u2019ultimo minuto, dovrebbe continuare ad essere lo sloveno Vid Belec, mentre tra i pali c\u2019\u00e8 stato un addio importante. Si tratta di Alessandro Micai, con il classe \u201893 passato in prestito alla Reggina per almeno un anno.&nbsp;<\/p>\n\n\n\n<p>Tra i tanti profili seguiti per la difesa, quello di <strong>Riccardo Gagliolo<\/strong> \u00e8 uno dei nomi pi\u00f9 caldi per la retroguardia granata. Il difensore classe \u201990, di propriet\u00e0 del Parma, sarebbe una richiesta esplicita di Mister Castori, che lo ha gi\u00e0 allenato a Carpi, e sarebbe favorevole ad un trasferimento in Campania; la Salernitana far\u00e0 di tutto per accaparrarsi l\u2019italo-svedese, anticipando la concorrenza, tra le altre, della Sampdoria di D\u2019Aversa. <strong>Pawel Jaroszynski<\/strong>, terzino sinistro e all\u2019occorrenza anche difensore centrale polacco, \u00e8 invece molto vicino a vestire per la terza volta la maglia granata; il giocatore rinnover\u00e0 il contratto con il Genoa per poi passare alla Salernitana in prestito con obbligo di riscatto, in modo da non gravare sul bilancio societario. Da segnalare anche il forte interesse granata per il terzino del Benevento <strong>Gaetano Letizia<\/strong>, con la societ\u00e0 giallorossa che sembra per\u00f2 poco intenzionata a privarsi di uno dei suoi giocatori pi\u00f9 pregiati e simbolici.<\/p>\n\n\n\n<p>Un reparto dove il mercato \u00e8 in fermento \u00e8 sicuramente il centrocampo: vicino l\u2019addio di Tomasz Kupisz, con il polacco da tempo nel mirino del Pordenone. In entrata, invece, vicinissimo \u00e8 il ritorno di <strong>Mamadou Coulibaly<\/strong>, di propriet\u00e0 dell\u2019Udinese e che potrebbe aggregarsi alla squadra a Cascia. Altro obiettivo \u00e8 il giovane rumeno <strong>Marius Marin<\/strong>, su cui per\u00f2 c\u2019\u00e8 una folta concorrenza che, al momento, vede la Samp in avanti rispetto alle altre squadre interessate. Altri possibili rinforzi sono <strong>Gaston Brugman<\/strong> e <strong>Jasmin Kurtic<\/strong>, entrambi di propriet\u00e0 del Parma, e <strong>Aboubakar Diaby<\/strong>, talento messosi in mostra con il Taranto e nel mirino anche del Bologna.&nbsp;<\/p>\n\n\n\n<p>In avanti, infine, sono tanti i nomi che si rincorrono: della rosa rester\u00e0 solamente Milan Djuric, con Lasagna che sembra inarrivabile. L\u2019indiziato numero uno per l\u2019attacco \u00e8 sicuramente <strong>Stefano Pettinari<\/strong>, svincolatosi dal Lecce e vicino alla firma con i granata, le cui alternative sarebbero <strong>Antonino La Gumina<\/strong> dalla Samp (con un passato importante all\u2019Empoli) ed il giovane prodotto del vivaio interista <strong>Andrea Pinamonti<\/strong> (disponibile solo in prestito, con altre squadre di A su di lui). (<strong><em>Marcello Spaziani<\/em><\/strong>)<\/p>\n","protected":false},"excerpt":{"rendered":"<p>Dopo l\u2019ufficializzazione dell\u2019iscrizione al prossimo campionato di Serie A, la Salernitana \u00e8 pronta a cominciare la propria avventura nel massimo campionato italiano. Sono giorni caldi anche per quanto riguarda il mercato granata, tanto in entrata quanto in uscita, vista la necessit\u00e0 di costruire una squadra in grado di mantenere la categoria, conquistata con fatica dopo &hellip;<\/p>\n","protected":false},"author":3,"featured_media":9291,"comment_status":"open","ping_status":"open","sticky":false,"template":"","format":"standard","meta":{"footnotes":""},"categories":[127],"tags":[],"class_list":["post-9290","post","type-post","status-publish","format-standard","has-post-thumbnail","hentry","category-calcio-salerno"],"aioseo_notices":[],"_links":{"self":[{"href":"https:\/\/todaynews24campania.it\/index.php?rest_route=\/wp\/v2\/posts\/9290","targetHints":{"allow":["GET"]}}],"collection":[{"href":"https:\/\/todaynews24campania.it\/index.php?rest_route=\/wp\/v2\/posts"}],"about":[{"href":"https:\/\/todaynews24campania.it\/index.php?rest_route=\/wp\/v2\/types\/post"}],"author":[{"embeddable":true,"href":"https:\/\/todaynews24campania.it\/index.php?rest_route=\/wp\/v2\/users\/3"}],"replies":[{"embeddable":true,"href":"https:\/\/todaynews24campania.it\/index.php?rest_route=%2Fwp%2Fv2%2Fcomments&post=9290"}],"version-history":[{"count":2,"href":"https:\/\/todaynews24campania.it\/index.php?rest_route=\/wp\/v2\/posts\/9290\/revisions"}],"predecessor-version":[{"id":9307,"href":"https:\/\/todaynews24campania.it\/index.php?rest_route=\/wp\/v2\/posts\/9290\/revisions\/9307"}],"wp:featuredmedia":[{"embeddable":true,"href":"https:\/\/todaynews24campania.it\/index.php?rest_route=\/wp\/v2\/media\/9291"}],"wp:attachment":[{"href":"https:\/\/todaynews24campania.it\/index.php?rest_route=%2Fwp%2Fv2%2Fmedia&parent=9290"}],"wp:term":[{"taxonomy":"category","embeddable":true,"href":"https:\/\/todaynews24campania.it\/index.php?rest_route=%2Fwp%2Fv2%2Fcategories&post=9290"},{"taxonomy":"post_tag","embeddable":true,"href":"https:\/\/todaynews24campania.it\/index.php?rest_route=%2Fwp%2Fv2%2Ftags&post=9290"}],"curies":[{"name":"wp","href":"https:\/\/api.w.org\/{rel}","templated":true}]}}