{"id":9098,"date":"2021-07-13T07:28:18","date_gmt":"2021-07-13T05:28:18","guid":{"rendered":"http:\/\/todaynews24campania.it\/?p=9098"},"modified":"2021-07-13T07:28:19","modified_gmt":"2021-07-13T05:28:19","slug":"napoli-renzi-iv-voleva-primarie-ma-sta-con-manfredi","status":"publish","type":"post","link":"https:\/\/todaynews24campania.it\/?p=9098","title":{"rendered":"Napoli, Renzi: Iv voleva primarie ma sta con Manfredi"},"content":{"rendered":"\n<p class=\"wp-block-paragraph\">\u201cManfredi \u00e8 stato ministro, \u00e8 stato un grande presidente della Crui, rettore della Federico II con cui abbiamo fatto l\u2019operazione Apple a Napoli, \u00e8 una persona di chiara fama. Certo noi con Gennaro Migliore abbiamo chiesto di poter fare le primarie, non le hanno fatte fare e penso che sia stato un errore, ma nel momento in cui c\u2019\u00e8 Gaetano in lizza dico che siamo convintamente dalla parte di Gaetano Manfredi\u201d.\u00a0<br>Lo ha detto il leader di Italia Viva, Matteo Renzi, parlando a Napoli nel corso della presentazione del suo libro \u2018Controcorrente\u2019.\u00a0<\/p>\n\n\n\n<p class=\"wp-block-paragraph\">\u201cStiamo dando la fiducia a Manfredi, ben diverso \u2013 ha evidenziato l\u2019ex presidente del Consiglio \u2013 sarebbe stato se ci fosse stato Fico o Di Maio. Il nostro candidato sindaco \u00e8 Manfredi che, lasciatemi dire, avr\u00e0 un compito devastante, perch\u00e9 dovr\u00e0 recuperare 10 anni di de Magistris. Io me lo ricordo quando diceva \u2018scassiamo tutto\u2019 e Comune \u2018derenzizzato\u2019, che va bene se lo fai funzionare, ma hai solo scassato\u201d, ha concluso.\u00a0\u00a0<\/p>\n","protected":false},"excerpt":{"rendered":"<p>\u201cManfredi \u00e8 stato ministro, \u00e8 stato un grande presidente della Crui, rettore della Federico II con cui abbiamo fatto l\u2019operazione Apple a Napoli, \u00e8 una persona di chiara fama. Certo noi con Gennaro Migliore abbiamo chiesto di poter fare le primarie, non le hanno fatte fare e penso che sia stato un errore, ma nel &hellip;<\/p>\n","protected":false},"author":3,"featured_media":9099,"comment_status":"open","ping_status":"open","sticky":false,"template":"","format":"standard","meta":{"footnotes":""},"categories":[77],"tags":[],"class_list":["post-9098","post","type-post","status-publish","format-standard","has-post-thumbnail","hentry","category-politica-napoli"],"aioseo_notices":[],"aioseo_head":"\n\t\t<!-- All in One SEO 5.0.1 - aioseo.com -->\n\t<meta name=\"description\" content=\"\u201cManfredi \u00e8 stato ministro, \u00e8 stato un grande presidente della Crui, rettore della Federico II con cui abbiamo fatto l\u2019operazione Apple a Napoli, \u00e8 una persona di chiara fama. Certo noi con Gennaro Migliore abbiamo chiesto di poter fare le primarie, non le hanno fatte fare e penso che sia stato un errore, ma nel\" \/>\n\t<meta name=\"robots\" content=\"max-image-preview:large\" \/>\n\t<meta name=\"author\" content=\"Redazione\"\/>\n\t<link rel=\"canonical\" href=\"https:\/\/todaynews24campania.it\/?p=9098\" \/>\n\t<meta name=\"generator\" content=\"All in One SEO (AIOSEO) 5.0.1\" \/>\n\t\t<meta property=\"og:locale\" content=\"it_IT\" \/>\n\t\t<meta property=\"og:site_name\" content=\"Today News 24 Campania - L&#039;Informazione Indipendente\" \/>\n\t\t<meta property=\"og:type\" content=\"article\" \/>\n\t\t<meta property=\"og:title\" content=\"Napoli, Renzi: Iv voleva primarie ma sta con Manfredi - Today News 24 Campania\" \/>\n\t\t<meta property=\"og:description\" content=\"\u201cManfredi \u00e8 stato ministro, \u00e8 stato un grande presidente della Crui, rettore della Federico II con cui abbiamo fatto l\u2019operazione Apple a Napoli, \u00e8 una persona di chiara fama. Certo noi con Gennaro Migliore abbiamo chiesto di poter fare le primarie, non le hanno fatte fare e penso che sia stato un errore, ma nel\" \/>\n\t\t<meta property=\"og:url\" content=\"https:\/\/todaynews24campania.it\/?p=9098\" \/>\n\t\t<meta property=\"article:published_time\" content=\"2021-07-13T05:28:18+00:00\" \/>\n\t\t<meta property=\"article:modified_time\" content=\"2021-07-13T05:28:19+00:00\" \/>\n\t\t<meta name=\"twitter:card\" content=\"summary_large_image\" \/>\n\t\t<meta name=\"twitter:title\" content=\"Napoli, Renzi: Iv voleva primarie ma sta con Manfredi - Today News 24 Campania\" \/>\n\t\t<meta name=\"twitter:description\" content=\"\u201cManfredi \u00e8 stato ministro, \u00e8 stato un grande presidente della Crui, rettore della Federico II con cui abbiamo fatto l\u2019operazione Apple a Napoli, \u00e8 una persona di chiara fama. Certo noi con Gennaro Migliore abbiamo chiesto di poter fare le primarie, non le hanno fatte fare e penso che sia stato un errore, ma nel\" \/>\n\t\t<script type=\"application\/ld+json\" class=\"aioseo-schema\">\n\t\t\t{\"@context\":\"https:\\\/\\\/schema.org\",\"@graph\":[{\"@type\":\"BlogPosting\",\"@id\":\"https:\\\/\\\/todaynews24campania.it\\\/?p=9098#blogposting\",\"name\":\"Napoli, Renzi: Iv voleva primarie ma sta con Manfredi - Today News 24 Campania\",\"headline\":\"Napoli, Renzi: Iv voleva primarie ma sta con Manfredi\",\"author\":{\"@id\":\"https:\\\/\\\/todaynews24campania.it\\\/?author=3#author\"},\"publisher\":{\"@id\":\"https:\\\/\\\/todaynews24campania.it\\\/#organization\"},\"image\":{\"@type\":\"ImageObject\",\"url\":\"https:\\\/\\\/todaynews24campania.it\\\/wp-content\\\/uploads\\\/2021\\\/07\\\/Matteo-Renzi.jpg\",\"width\":735,\"height\":416},\"datePublished\":\"2021-07-13T07:28:18+02:00\",\"dateModified\":\"2021-07-13T07:28:19+02:00\",\"inLanguage\":\"it-IT\",\"mainEntityOfPage\":{\"@id\":\"https:\\\/\\\/todaynews24campania.it\\\/?p=9098#webpage\"},\"isPartOf\":{\"@id\":\"https:\\\/\\\/todaynews24campania.it\\\/?p=9098#webpage\"},\"articleSection\":\"Politica NA\"},{\"@type\":\"BreadcrumbList\",\"@id\":\"https:\\\/\\\/todaynews24campania.it\\\/?p=9098#breadcrumblist\",\"itemListElement\":[{\"@type\":\"ListItem\",\"@id\":\"https:\\\/\\\/todaynews24campania.it#listItem\",\"position\":1,\"name\":\"Home\",\"item\":\"https:\\\/\\\/todaynews24campania.it\",\"nextItem\":{\"@type\":\"ListItem\",\"@id\":\"https:\\\/\\\/todaynews24campania.it\\\/?cat=31#listItem\",\"name\":\"Napoli\"}},{\"@type\":\"ListItem\",\"@id\":\"https:\\\/\\\/todaynews24campania.it\\\/?cat=31#listItem\",\"position\":2,\"name\":\"Napoli\",\"item\":\"https:\\\/\\\/todaynews24campania.it\\\/?cat=31\",\"nextItem\":{\"@type\":\"ListItem\",\"@id\":\"https:\\\/\\\/todaynews24campania.it\\\/?cat=77#listItem\",\"name\":\"Politica NA\"},\"previousItem\":{\"@type\":\"ListItem\",\"@id\":\"https:\\\/\\\/todaynews24campania.it#listItem\",\"name\":\"Home\"}},{\"@type\":\"ListItem\",\"@id\":\"https:\\\/\\\/todaynews24campania.it\\\/?cat=77#listItem\",\"position\":3,\"name\":\"Politica NA\",\"item\":\"https:\\\/\\\/todaynews24campania.it\\\/?cat=77\",\"nextItem\":{\"@type\":\"ListItem\",\"@id\":\"https:\\\/\\\/todaynews24campania.it\\\/?p=9098#listItem\",\"name\":\"Napoli, Renzi: Iv voleva primarie ma sta con Manfredi\"},\"previousItem\":{\"@type\":\"ListItem\",\"@id\":\"https:\\\/\\\/todaynews24campania.it\\\/?cat=31#listItem\",\"name\":\"Napoli\"}},{\"@type\":\"ListItem\",\"@id\":\"https:\\\/\\\/todaynews24campania.it\\\/?p=9098#listItem\",\"position\":4,\"name\":\"Napoli, Renzi: Iv voleva primarie ma sta con Manfredi\",\"previousItem\":{\"@type\":\"ListItem\",\"@id\":\"https:\\\/\\\/todaynews24campania.it\\\/?cat=77#listItem\",\"name\":\"Politica NA\"}}]},{\"@type\":\"Organization\",\"@id\":\"https:\\\/\\\/todaynews24campania.it\\\/#organization\",\"name\":\"Today News 24 Campania\",\"description\":\"L'Informazione Indipendente\",\"url\":\"https:\\\/\\\/todaynews24campania.it\\\/\"},{\"@type\":\"Person\",\"@id\":\"https:\\\/\\\/todaynews24campania.it\\\/?author=3#author\",\"url\":\"https:\\\/\\\/todaynews24campania.it\\\/?author=3\",\"name\":\"Redazione\",\"image\":{\"@type\":\"ImageObject\",\"@id\":\"https:\\\/\\\/todaynews24campania.it\\\/?p=9098#authorImage\",\"url\":\"https:\\\/\\\/secure.gravatar.com\\\/avatar\\\/e12599e8a8917ee0b5e5cd129077e8ca3fec798db870088fae6e91e336ac103f?s=96&d=mm&r=g\",\"width\":96,\"height\":96,\"caption\":\"Redazione\"}},{\"@type\":\"WebPage\",\"@id\":\"https:\\\/\\\/todaynews24campania.it\\\/?p=9098#webpage\",\"url\":\"https:\\\/\\\/todaynews24campania.it\\\/?p=9098\",\"name\":\"Napoli, Renzi: Iv voleva primarie ma sta con Manfredi - Today News 24 Campania\",\"description\":\"\\u201cManfredi \\u00e8 stato ministro, \\u00e8 stato un grande presidente della Crui, rettore della Federico II con cui abbiamo fatto l\\u2019operazione Apple a Napoli, \\u00e8 una persona di chiara fama. Certo noi con Gennaro Migliore abbiamo chiesto di poter fare le primarie, non le hanno fatte fare e penso che sia stato un errore, ma nel\",\"inLanguage\":\"it-IT\",\"isPartOf\":{\"@id\":\"https:\\\/\\\/todaynews24campania.it\\\/#website\"},\"breadcrumb\":{\"@id\":\"https:\\\/\\\/todaynews24campania.it\\\/?p=9098#breadcrumblist\"},\"author\":{\"@id\":\"https:\\\/\\\/todaynews24campania.it\\\/?author=3#author\"},\"creator\":{\"@id\":\"https:\\\/\\\/todaynews24campania.it\\\/?author=3#author\"},\"image\":{\"@type\":\"ImageObject\",\"url\":\"https:\\\/\\\/todaynews24campania.it\\\/wp-content\\\/uploads\\\/2021\\\/07\\\/Matteo-Renzi.jpg\",\"@id\":\"https:\\\/\\\/todaynews24campania.it\\\/?p=9098\\\/#mainImage\",\"width\":735,\"height\":416},\"primaryImageOfPage\":{\"@id\":\"https:\\\/\\\/todaynews24campania.it\\\/?p=9098#mainImage\"},\"datePublished\":\"2021-07-13T07:28:18+02:00\",\"dateModified\":\"2021-07-13T07:28:19+02:00\"},{\"@type\":\"WebSite\",\"@id\":\"https:\\\/\\\/todaynews24campania.it\\\/#website\",\"url\":\"https:\\\/\\\/todaynews24campania.it\\\/\",\"name\":\"Today News 24 Campania\",\"description\":\"L'Informazione Indipendente\",\"inLanguage\":\"it-IT\",\"publisher\":{\"@id\":\"https:\\\/\\\/todaynews24campania.it\\\/#organization\"}}]}\n\t\t<\/script>\n\t\t<!-- All in One SEO -->\n\n","aioseo_head_json":{"title":"Napoli, Renzi: Iv voleva primarie ma sta con Manfredi - Today News 24 Campania","description":"\u201cManfredi \u00e8 stato ministro, \u00e8 stato un grande presidente della Crui, rettore della Federico II con cui abbiamo fatto l\u2019operazione Apple a Napoli, \u00e8 una persona di chiara fama. Certo noi con Gennaro Migliore abbiamo chiesto di poter fare le primarie, non le hanno fatte fare e penso che sia stato un errore, ma nel","canonical_url":"https:\/\/todaynews24campania.it\/?p=9098","robots":"max-image-preview:large","keywords":"","webmasterTools":{"miscellaneous":""},"schema":{"@context":"https:\/\/schema.org","@graph":[{"@type":"BlogPosting","@id":"https:\/\/todaynews24campania.it\/?p=9098#blogposting","name":"Napoli, Renzi: Iv voleva primarie ma sta con Manfredi - Today News 24 Campania","headline":"Napoli, Renzi: Iv voleva primarie ma sta con Manfredi","author":{"@id":"https:\/\/todaynews24campania.it\/?author=3#author"},"publisher":{"@id":"https:\/\/todaynews24campania.it\/#organization"},"image":{"@type":"ImageObject","url":"https:\/\/todaynews24campania.it\/wp-content\/uploads\/2021\/07\/Matteo-Renzi.jpg","width":735,"height":416},"datePublished":"2021-07-13T07:28:18+02:00","dateModified":"2021-07-13T07:28:19+02:00","inLanguage":"it-IT","mainEntityOfPage":{"@id":"https:\/\/todaynews24campania.it\/?p=9098#webpage"},"isPartOf":{"@id":"https:\/\/todaynews24campania.it\/?p=9098#webpage"},"articleSection":"Politica NA"},{"@type":"BreadcrumbList","@id":"https:\/\/todaynews24campania.it\/?p=9098#breadcrumblist","itemListElement":[{"@type":"ListItem","@id":"https:\/\/todaynews24campania.it#listItem","position":1,"name":"Home","item":"https:\/\/todaynews24campania.it","nextItem":{"@type":"ListItem","@id":"https:\/\/todaynews24campania.it\/?cat=31#listItem","name":"Napoli"}},{"@type":"ListItem","@id":"https:\/\/todaynews24campania.it\/?cat=31#listItem","position":2,"name":"Napoli","item":"https:\/\/todaynews24campania.it\/?cat=31","nextItem":{"@type":"ListItem","@id":"https:\/\/todaynews24campania.it\/?cat=77#listItem","name":"Politica NA"},"previousItem":{"@type":"ListItem","@id":"https:\/\/todaynews24campania.it#listItem","name":"Home"}},{"@type":"ListItem","@id":"https:\/\/todaynews24campania.it\/?cat=77#listItem","position":3,"name":"Politica NA","item":"https:\/\/todaynews24campania.it\/?cat=77","nextItem":{"@type":"ListItem","@id":"https:\/\/todaynews24campania.it\/?p=9098#listItem","name":"Napoli, Renzi: Iv voleva primarie ma sta con Manfredi"},"previousItem":{"@type":"ListItem","@id":"https:\/\/todaynews24campania.it\/?cat=31#listItem","name":"Napoli"}},{"@type":"ListItem","@id":"https:\/\/todaynews24campania.it\/?p=9098#listItem","position":4,"name":"Napoli, Renzi: Iv voleva primarie ma sta con Manfredi","previousItem":{"@type":"ListItem","@id":"https:\/\/todaynews24campania.it\/?cat=77#listItem","name":"Politica NA"}}]},{"@type":"Organization","@id":"https:\/\/todaynews24campania.it\/#organization","name":"Today News 24 Campania","description":"L'Informazione Indipendente","url":"https:\/\/todaynews24campania.it\/"},{"@type":"Person","@id":"https:\/\/todaynews24campania.it\/?author=3#author","url":"https:\/\/todaynews24campania.it\/?author=3","name":"Redazione","image":{"@type":"ImageObject","@id":"https:\/\/todaynews24campania.it\/?p=9098#authorImage","url":"https:\/\/secure.gravatar.com\/avatar\/e12599e8a8917ee0b5e5cd129077e8ca3fec798db870088fae6e91e336ac103f?s=96&d=mm&r=g","width":96,"height":96,"caption":"Redazione"}},{"@type":"WebPage","@id":"https:\/\/todaynews24campania.it\/?p=9098#webpage","url":"https:\/\/todaynews24campania.it\/?p=9098","name":"Napoli, Renzi: Iv voleva primarie ma sta con Manfredi - Today News 24 Campania","description":"\u201cManfredi \u00e8 stato ministro, \u00e8 stato un grande presidente della Crui, rettore della Federico II con cui abbiamo fatto l\u2019operazione Apple a Napoli, \u00e8 una persona di chiara fama. Certo noi con Gennaro Migliore abbiamo chiesto di poter fare le primarie, non le hanno fatte fare e penso che sia stato un errore, ma nel","inLanguage":"it-IT","isPartOf":{"@id":"https:\/\/todaynews24campania.it\/#website"},"breadcrumb":{"@id":"https:\/\/todaynews24campania.it\/?p=9098#breadcrumblist"},"author":{"@id":"https:\/\/todaynews24campania.it\/?author=3#author"},"creator":{"@id":"https:\/\/todaynews24campania.it\/?author=3#author"},"image":{"@type":"ImageObject","url":"https:\/\/todaynews24campania.it\/wp-content\/uploads\/2021\/07\/Matteo-Renzi.jpg","@id":"https:\/\/todaynews24campania.it\/?p=9098\/#mainImage","width":735,"height":416},"primaryImageOfPage":{"@id":"https:\/\/todaynews24campania.it\/?p=9098#mainImage"},"datePublished":"2021-07-13T07:28:18+02:00","dateModified":"2021-07-13T07:28:19+02:00"},{"@type":"WebSite","@id":"https:\/\/todaynews24campania.it\/#website","url":"https:\/\/todaynews24campania.it\/","name":"Today News 24 Campania","description":"L'Informazione Indipendente","inLanguage":"it-IT","publisher":{"@id":"https:\/\/todaynews24campania.it\/#organization"}}]},"og:locale":"it_IT","og:site_name":"Today News 24 Campania - L'Informazione Indipendente","og:type":"article","og:title":"Napoli, Renzi: Iv voleva primarie ma sta con Manfredi - Today News 24 Campania","og:description":"\u201cManfredi \u00e8 stato ministro, \u00e8 stato un grande presidente della Crui, rettore della Federico II con cui abbiamo fatto l\u2019operazione Apple a Napoli, \u00e8 una persona di chiara fama. Certo noi con Gennaro Migliore abbiamo chiesto di poter fare le primarie, non le hanno fatte fare e penso che sia stato un errore, ma nel","og:url":"https:\/\/todaynews24campania.it\/?p=9098","article:published_time":"2021-07-13T05:28:18+00:00","article:modified_time":"2021-07-13T05:28:19+00:00","twitter:card":"summary_large_image","twitter:title":"Napoli, Renzi: Iv voleva primarie ma sta con Manfredi - Today News 24 Campania","twitter:description":"\u201cManfredi \u00e8 stato ministro, \u00e8 stato un grande presidente della Crui, rettore della Federico II con cui abbiamo fatto l\u2019operazione Apple a Napoli, \u00e8 una persona di chiara fama. Certo noi con Gennaro Migliore abbiamo chiesto di poter fare le primarie, non le hanno fatte fare e penso che sia stato un errore, ma nel"},"aioseo_meta_data":{"post_id":"9098","title":null,"description":null,"keywords":null,"keyphrases":null,"primary_term":null,"canonical_url":null,"og_title":null,"og_description":null,"og_object_type":"default","og_image_type":"default","og_image_url":null,"og_image_width":null,"og_image_height":null,"og_image_custom_url":null,"og_image_custom_fields":null,"og_video":null,"og_custom_url":null,"og_article_section":null,"og_article_tags":null,"twitter_use_og":false,"twitter_card":"default","twitter_image_type":"default","twitter_image_url":null,"twitter_image_custom_url":null,"twitter_image_custom_fields":null,"twitter_title":null,"twitter_description":null,"schema":{"blockGraphs":[],"customGraphs":[],"default":{"data":{"Article":[],"Course":[],"Dataset":[],"FAQPage":[],"Movie":[],"Person":[],"Product":[],"ProductReview":[],"Car":[],"Recipe":[],"Service":[],"SoftwareApplication":[],"WebPage":[]},"graphName":"","isEnabled":true},"graphs":[]},"schema_type":"default","schema_type_options":null,"pillar_content":false,"robots_default":true,"robots_noindex":false,"robots_noarchive":false,"robots_nosnippet":false,"robots_nofollow":false,"robots_noimageindex":false,"robots_noodp":false,"robots_notranslate":false,"robots_max_snippet":null,"robots_max_videopreview":null,"robots_max_imagepreview":"large","priority":null,"frequency":null,"local_seo":null,"breadcrumb_settings":null,"limit_modified_date":false,"ai":null,"created":"2025-11-29 09:18:27","updated":"2025-11-29 09:18:27","seo_analyzer_scan_date":null,"focus_keyword":null,"additional_keywords":null,"truseo_locale":null},"aioseo_breadcrumb":"<div class=\"aioseo-breadcrumbs\"><span class=\"aioseo-breadcrumb\">\n\t\t\t<a href=\"https:\/\/todaynews24campania.it\" title=\"Home\">Home<\/a>\n\t\t<\/span><span class=\"aioseo-breadcrumb-separator\">&raquo;<\/span><span class=\"aioseo-breadcrumb\">\n\t\t\t<a href=\"https:\/\/todaynews24campania.it\/?cat=31\" title=\"Napoli\">Napoli<\/a>\n\t\t<\/span><span class=\"aioseo-breadcrumb-separator\">&raquo;<\/span><span class=\"aioseo-breadcrumb\">\n\t\t\t<a href=\"https:\/\/todaynews24campania.it\/?cat=77\" title=\"Politica NA\">Politica NA<\/a>\n\t\t<\/span><span class=\"aioseo-breadcrumb-separator\">&raquo;<\/span><span class=\"aioseo-breadcrumb\">\n\t\t\tNapoli, Renzi: Iv voleva primarie ma sta con Manfredi\n\t\t<\/span><\/div>","aioseo_breadcrumb_json":[{"label":"Home","link":"https:\/\/todaynews24campania.it"},{"label":"Napoli","link":"https:\/\/todaynews24campania.it\/?cat=31"},{"label":"Politica NA","link":"https:\/\/todaynews24campania.it\/?cat=77"},{"label":"Napoli, Renzi: Iv voleva primarie ma sta con Manfredi","link":"https:\/\/todaynews24campania.it\/?p=9098"}],"_links":{"self":[{"href":"https:\/\/todaynews24campania.it\/index.php?rest_route=\/wp\/v2\/posts\/9098","targetHints":{"allow":["GET"]}}],"collection":[{"href":"https:\/\/todaynews24campania.it\/index.php?rest_route=\/wp\/v2\/posts"}],"about":[{"href":"https:\/\/todaynews24campania.it\/index.php?rest_route=\/wp\/v2\/types\/post"}],"author":[{"embeddable":true,"href":"https:\/\/todaynews24campania.it\/index.php?rest_route=\/wp\/v2\/users\/3"}],"replies":[{"embeddable":true,"href":"https:\/\/todaynews24campania.it\/index.php?rest_route=%2Fwp%2Fv2%2Fcomments&post=9098"}],"version-history":[{"count":1,"href":"https:\/\/todaynews24campania.it\/index.php?rest_route=\/wp\/v2\/posts\/9098\/revisions"}],"predecessor-version":[{"id":9100,"href":"https:\/\/todaynews24campania.it\/index.php?rest_route=\/wp\/v2\/posts\/9098\/revisions\/9100"}],"wp:featuredmedia":[{"embeddable":true,"href":"https:\/\/todaynews24campania.it\/index.php?rest_route=\/wp\/v2\/media\/9099"}],"wp:attachment":[{"href":"https:\/\/todaynews24campania.it\/index.php?rest_route=%2Fwp%2Fv2%2Fmedia&parent=9098"}],"wp:term":[{"taxonomy":"category","embeddable":true,"href":"https:\/\/todaynews24campania.it\/index.php?rest_route=%2Fwp%2Fv2%2Fcategories&post=9098"},{"taxonomy":"post_tag","embeddable":true,"href":"https:\/\/todaynews24campania.it\/index.php?rest_route=%2Fwp%2Fv2%2Ftags&post=9098"}],"curies":[{"name":"wp","href":"https:\/\/api.w.org\/{rel}","templated":true}]}}