{"id":6698,"date":"2021-06-16T16:43:12","date_gmt":"2021-06-16T14:43:12","guid":{"rendered":"http:\/\/todaynews24campania.it\/?p=6698"},"modified":"2021-06-16T16:44:24","modified_gmt":"2021-06-16T14:44:24","slug":"convenzione-tra-citta-metropolitana-di-napoli-e-universita-federico-ii-per-il-polo-museale-della-reggia-di-portici","status":"publish","type":"post","link":"https:\/\/todaynews24campania.it\/?p=6698","title":{"rendered":"La Reggia di Portici sar\u00e0 Polo museale"},"content":{"rendered":"\n<p><br>Il Sindaco Metropolitano, Luigi de Magistris, e il Rettore, Matteo Lorito, hanno sottoscritto la nuova convenzione tra la Citt\u00e0 Metropolitana di Napoli e l\u2019Universit\u00e0 degli Studi \u201cFederico II\u201d di Napoli per la concessione in uso di parte degli spazi della Reggia di Portici, da utilizzare per scopi didattici e di ricerca del Dipartimento di Agraria dell\u2019Ateneo. L\u2019accordo avr\u00e0 una durata di 9 anni ed \u00e8 rinnovabile per un periodo di analoga durata. Gli immobili oggetto della concessione sono il Palazzo Reale, al netto degli spazi che andranno a costituire il Polo Museale della Reggia, il Palazzo e il Giardino Caramanico, il Bosco Superiore con gli edifici presenti &#8211; compreso il Castello &#8211; e il Bosco Inferiore, da gestire in maniera condivisa.<\/p>\n\n\n\n<p><strong>La Convenzione<\/strong><\/p>\n\n\n\n<p>Con la Convenzione &#8211; che \u00e8 stata firmata anche dal Dirigente della Direzione Patrimonio dell\u2019Ente metropolitano, Carlo de Marino &#8211; viene sancita la volont\u00e0 comune della Citt\u00e0 Metropolitana e dell\u2019Universit\u00e0 di collaborare per rilanciare la Reggia di Portici attraverso la realizzazione di interventi volti non solo alla conservazione del complesso monumentale, ma anche alla promozione di attivit\u00e0 culturali destinate a potenziare la fruizione pubblica del bene. La novit\u00e0 principale dell\u2019accordo consiste, infatti, nella condivisione dell\u2019obiettivo di realizzare un percorso espositivo ad anello sviluppato su tutto il Piano nobile della Reggia, che metta a sistema le funzioni storico-culturali, sviluppate sul lato mare, e le funzioni scientifiche, sviluppate sul lato monte, avviando cos\u00ec il processo di costruzione del \u2018Polo Museale della Reggia di Portici\u2019, vale a dire un Museo &#8211; unico nel suo genere &#8211; integrato di funzioni storico-culturali e funzioni scientifiche, quali elementi caratteristici e caratterizzanti della storia del Palazzo reale borbonico. Per il raggiungimento di tale obiettivo, con la Convenzione firmata oggi l\u2019Universit\u00e0 si impegna a liberare e riconsegnare gli spazi di maggiore interesse monumentale, oltre che a collaborare ad una loro piena fruizione per scopi museali e di turismo culturale (incluse mostre, convegni, eventi di natura culturale), mentre la Citt\u00e0 Metropolitana si impegna ad acquisirli e a restaurarli destinando ad essi \u2013 altro elemento di novit\u00e0 rispetto agli accordi precedenti &#8211; una parte sostanziale dei canoni versati dall\u2019Ateneo. Tali somme saranno corrisposte all\u2019inizio di ogni triennio, per consentire di programmare e realizzare gli interventi nel periodo indicato, e andranno ad aggiungersi a quelle stanziate autonomamente dall\u2019Ente di piazza Matteotti per ulteriori progetti di recupero e restauro.<\/p>\n\n\n\n<p><strong>Gli spazi liberati e il Polo Museale<\/strong><\/p>\n\n\n\n<p>In particolare, saranno liberati e riconsegnati la Galleria e il Teatrino di Corte, l\u2019Appartamento della Regina e le altre Sale al Piano nobile, mentre al piano terra sar\u00e0 utilizzata la sala della Biblioteca storica del Dipartimento di Agraria. A regime, il Polo Museale risulter\u00e0 costituito dal Museo Herculanense, dal Museo delle Scienze Agrarie (MUSA), dall\u2019Appartamento reale e dalla Pinacoteca della Citt\u00e0 Metropolitana, che ospiter\u00e0 una parte della collezione di dipinti di propriet\u00e0 dell\u2019Ente, in special modo &#8211; anche per un legame territoriale &#8211; quelli appartenenti alla Scuola di Resina. I lavori seguiranno l\u2019iter tracciato dalla Soprintendenza nel suo Studio di Fattibilit\u00e0 per il restauro e il recupero della Reggia, con l\u2019obiettivo strategico di coordinare tutti gli interventi volti a ricondurre il complesso monumentale all\u2019antico splendore.<\/p>\n\n\n\n<p><strong>La Citt\u00e0 Metropolitana<\/strong><\/p>\n\n\n\n<p>\u201cCon la Convenzione firmata oggi \u2013 ha affermato il Sindaco de Magistris \u2013 la Citt\u00e0 Metropolitana e l\u2019Universit\u00e0 \u2018Federico II\u2019, una delle pi\u00f9 prestigiose al mondo, scrivono una bella pagina per lo sviluppo del territorio attraverso quelle che sono le sue principali vocazioni, ovvero la cultura e la valorizzazione del suo enorme patrimonio storico, artistico e paesaggistico. La Citt\u00e0 Metropolitana ha investito grandi risorse, in questi anni, per il rilancio della Reggia, facendola diventare, anche grazie all\u2019opera del professor Lorito, prima da Direttore del Dipartimento di Agraria, e oggi in qualit\u00e0 di Rettore, un potente attrattore turistico-culturale per l\u2019intera area. Questo accordo traccia la linea per una crescita che continuer\u00e0 ancora per molti anni\u201d.<\/p>\n\n\n\n<p><strong>L\u2019Universit\u00e0<\/strong><\/p>\n\n\n\n<p>Il Sito Reale di Portici fu acquistato dalla allora Provincia di Napoli, per effetto della legge n. 337 del 3 luglio1871, con lo specifico e dichiarato intento di destinarvi la Scuola Superiore di Agricoltura, la prima per l&#8217;Italia meridionale ed insulare, la terza in Italia, preceduta da quelle di Pisa e di Milano. La Scuola fu legalmente riconosciuta con Regio Decreto del 14 gennaio 1872, n. 658. L&#8217;inaugurazione avvenne il 9 gennaio 1873. \u201cSi rinnova la collaborazione tra la Citt\u00e0 Metropolitana e la \u2018Federico II\u2019 \u2013 ha sottolineato, nel suo intervento, il Rettore Lorito &#8211; che ha consentito per oltre 140 anni di preservare e valorizzare l\u2019intero Complesso Monumentale della Reggia. Dopo l\u2019unificazione del Parco, con l\u2019annessione del Bosco Inferiore, si sottoscrive una nuova Convenzione che consentir\u00e0, nei prossimi anni, di mantenere la vocazione del sito come centro storico-culturale, museale, di ricerca e di formazione\u201d.<\/p>\n\n\n\n<p><strong>Manutenzione, sicurezza e Comitato di Gestione<\/strong><\/p>\n\n\n\n<p>Con la Convenzione l\u2019Universit\u00e0 assume anche l\u2019onere della manutenzione ordinaria e straordinaria degli immobili, nonch\u00e9 la consulenza scientifica e gli oneri per la manutenzione delle piante d\u2019alto fusto, finalizzata a garantire la sicurezza della fruizione del Parco. Viene confermato e potenziato, inoltre, il Comitato di Gestione, un organismo snello composto da rappresentanti dei due Enti, cui possono unirsi rappresentanti della Soprintendenza, che si riunir\u00e0 periodicamente per seguire le attivit\u00e0 e valutare le opportunit\u00e0 di progetti di valorizzazione. Alla cerimonia sono intervenuti anche il Direttore del Dipartimento di Agraria, Danilo Ercolini, e il Sindaco di Portici, Vincenzo Cuomo.&nbsp;<\/p>\n","protected":false},"excerpt":{"rendered":"<p>Il Sindaco Metropolitano, Luigi de Magistris, e il Rettore, Matteo Lorito, hanno sottoscritto la nuova convenzione tra la Citt\u00e0 Metropolitana di Napoli e l\u2019Universit\u00e0 degli Studi \u201cFederico II\u201d di Napoli per la concessione in uso di parte degli spazi della Reggia di Portici, da utilizzare per scopi didattici e di ricerca del Dipartimento di Agraria &hellip;<\/p>\n","protected":false},"author":3,"featured_media":6700,"comment_status":"open","ping_status":"open","sticky":false,"template":"","format":"standard","meta":{"footnotes":""},"categories":[79,31],"tags":[],"class_list":["post-6698","post","type-post","status-publish","format-standard","has-post-thumbnail","hentry","category-attualita-napoli","category-napoli"],"aioseo_notices":[],"_links":{"self":[{"href":"https:\/\/todaynews24campania.it\/index.php?rest_route=\/wp\/v2\/posts\/6698","targetHints":{"allow":["GET"]}}],"collection":[{"href":"https:\/\/todaynews24campania.it\/index.php?rest_route=\/wp\/v2\/posts"}],"about":[{"href":"https:\/\/todaynews24campania.it\/index.php?rest_route=\/wp\/v2\/types\/post"}],"author":[{"embeddable":true,"href":"https:\/\/todaynews24campania.it\/index.php?rest_route=\/wp\/v2\/users\/3"}],"replies":[{"embeddable":true,"href":"https:\/\/todaynews24campania.it\/index.php?rest_route=%2Fwp%2Fv2%2Fcomments&post=6698"}],"version-history":[{"count":2,"href":"https:\/\/todaynews24campania.it\/index.php?rest_route=\/wp\/v2\/posts\/6698\/revisions"}],"predecessor-version":[{"id":6702,"href":"https:\/\/todaynews24campania.it\/index.php?rest_route=\/wp\/v2\/posts\/6698\/revisions\/6702"}],"wp:featuredmedia":[{"embeddable":true,"href":"https:\/\/todaynews24campania.it\/index.php?rest_route=\/wp\/v2\/media\/6700"}],"wp:attachment":[{"href":"https:\/\/todaynews24campania.it\/index.php?rest_route=%2Fwp%2Fv2%2Fmedia&parent=6698"}],"wp:term":[{"taxonomy":"category","embeddable":true,"href":"https:\/\/todaynews24campania.it\/index.php?rest_route=%2Fwp%2Fv2%2Fcategories&post=6698"},{"taxonomy":"post_tag","embeddable":true,"href":"https:\/\/todaynews24campania.it\/index.php?rest_route=%2Fwp%2Fv2%2Ftags&post=6698"}],"curies":[{"name":"wp","href":"https:\/\/api.w.org\/{rel}","templated":true}]}}