{"id":5836,"date":"2021-06-07T08:02:52","date_gmt":"2021-06-07T06:02:52","guid":{"rendered":"http:\/\/todaynews24campania.it\/?p=5836"},"modified":"2021-06-08T08:40:07","modified_gmt":"2021-06-08T06:40:07","slug":"seid-i-genitori-suicidio-non-a-causa-del-razzismo","status":"publish","type":"post","link":"https:\/\/todaynews24campania.it\/?p=5836","title":{"rendered":"Seid, i genitori: &#8220;Suicidio non a causa del razzismo&#8221;"},"content":{"rendered":"<p>Non chiamatelo razzismo, perch\u00e9 &#8220;Il gesto estremo di Seid non deriva da episodi di razzismo\u201d, dicono Lena Imperato e Walter Sevin, i genitori del giovane talento nocerino chiarendo in particolare che la lettera circolata nei giorni scorsi era tratta da un post Facebook di 2 anni fa.<\/p>\n<div id=\"content-area\">\n<p>I genitori escludono con fermezza quindi ogni correlazione tra il gesto e la pista razzista, e arrivano a parlare di strumentalizzazione delle parole di Seid.<\/p>\n<p>Nato in Etiopia era stato adottato in Italia da piccolo, a 7 anni, a Nocera Inferiore dove si \u00e8 tolto la vita. Aveva giocato nelle giovanili di Inter e Milan e per un po\u2019 era stato compagno di stanza di Gigio Donnarumma. Poi aveva lasciato il calcio professionistico per ragioni personali ed era tornato in Campania, per stare pi\u00f9 vicino alla famiglia.<\/p>\n<p>La presunta lettera, negata dai genitori sarebbe stata scritta e consegnata tempo fa ad alcuni amici e alla sua psicoterapeuta, in cui parla del dolore per il razzismo subito quotidianamente. \u00abOvunque io vada, ovunque io sia, sento sulle mie spalle come un macigno il peso degli sguardi scettici, prevenuti, schifati e impauriti delle persone\u00bb, avrebbe scritto tre anni fa Seid nella lettera e data ad alcuni amici, parlando delle reazioni al colore della sua pelle: il dubbio, quando entrava nei negozi, che fosse un ladro. La paura negli occhi della gente sui mezzi pubblici, che pensava fosse un borseggiatore. E ancora: \u00abEro riuscito a trovare un lavoro\u00bb, scrive, \u00abche ho dovuto lasciare perch\u00e9 troppe persone, specie anziane, si rifiutavano di farsi servire da me e, come se non mi sentissi gi\u00e0 a disagio, mi additavano anche come responsabile perch\u00e9 molti giovani italiani (bianchi) non trovassero lavoro\u00bb.<\/p>\n<p>L\u2019atto d\u2019accusa contro il razzismo sarebbe stato letto ieri mattina nella chiesa di San Giovanni Battista nel corso dei funerali. \u201cBuon viaggio campione\u201c, uno dei messaggi affissi all\u2019esterno della chiesa dagli amici che hanno indossato anche magliette con la scritta \u201cArrivederci fratello. Ciao talento\u201c. I genitori (adottivi che gli hanno dato il cognome Vesin) hanno con forza hanno respinto che la causa del suicidio fosse stato il razzismo. \u201cBasta strumentalizzare la morte di un giovane\u201d, hanno detto madre e padre adottivi. \u201cIl cuore dell\u2019uomo \u00e8 il mistero pi\u00f9 grande\u201d.<\/p>\n<p>Don Andrea Annunziata ha ricordato nel saluto all\u2019ex stella del calcio. \u201cLa lezione che siamo chiamati ad imparare \u00e8 quella che ci vede impegnati nell\u2019uscire dalle nostre solitudini. Se lo facciamo, potremo arginare il deflagrante potere del male di vivere che attenta alla vita. Oggi pi\u00f9 di ieri. Fuori da ogni retorica e lontano dalla letteratura. Ci sono cuori fragili che implodono. Quello di Seid \u00e8 stato uno di quelli. Non deve pi\u00f9 accadere\u201d, ha detto il sacerdote nel corso della toccante omelia.<\/p>\n<p><strong>\u201cPerdona noi italiani di pelle nera, se abbiamo lasciato che da solo tu caricassi la zavorra delle nostre pene\u201d<\/strong><\/p>\n<p>\u201cCaro Seid, posso testimoniare, pur non avendoti mai conosciuto, che le tue parole sono autentiche, perch\u00e8 alla tua et\u00e0, molti di noi con pelle nera, abbiamo fatto la stessa esperienza in questo Paese. Caro Seid, perdona questo mondo, e soprattutto, perdona noi italiani di pelle nera, se abbiamo lasciato che da solo tu caricassi la zavorra delle nostre pene\u201d. E\u2019 quanto scrive su facebook Hilarry Sedu, avvocato italiano di origine nigeriana, con un passato da calciatore, proprio come Seid Visin, il 20enne di Nocera Inferiore, di origini etiopi, suicidatosi due giorni fa. Hilarry, come Seid, \u00e8 in Italia da quando era molto piccolo pur non essendo stato adottato. Come Said ha dovuto superare ostacoli e sguardi, diffidenze, anche ora che \u00e8 diventato avvocato e si \u00e8 persino candidato alle Regionali del settembre scorso. \u201cPotevi essere mio figlio \u2013 scrive Sedu \u2013 oppure, ai miei vent\u2019anni, potevo essere te. Ho letto con acuta tristezza la lettera con la quale hai congedato la vita. Sai, non lo so\u2026non so perch\u00e8 l\u2019Italia, culla del diritto, nonostante la cristallizzata multietnica della nostra comunit\u00e0, ancora, ostinatamente crede che un italiano debba per forza avere la pelle bianca. Cosi\u2019 ignorando, che siamo in tantissimi, di pelle nera, ad emozionarci intonando l\u2019inno di Mameli. Per questo, da diversi anni ci battiamo per lo Ius Culturae, perch\u00e8 nessuno deve regalarci la cittadinanza, non la dobbiamo meritare semplicemente, perche\u2019 noi siamo figli di questa terra, senza rinnegare chi sono oppure sono stati i nostri genitori biologici\u2026ma la vita e\u2019 la nostra e vogliamo essere riconosciuti per ci\u00f2 che siamo, Italiani. Le tue parole miglioreranno questo Paese, ne sono sicuro\u201d conclude Sedu.<\/p>\n<p><strong>Carfagna: \u201cUna vicenda che strazia il cuore\u201d<\/strong><\/p>\n<p>\u201cLa citt\u00e0 \u00e8 affranta per la scomparsa di Seid, per la sua giovanissima et\u00e0, per la sua storia, per come se ne e\u2019 andato, per il suo talento e la sua eleganza\u201d. Lo dice il sindaco di Nocera Inferiore, Manlio Torquato, dopo la morte del 21enne Seid Visin, avvenuta nel pomeriggio di giovedi\u2019 scorso. \u201cNon sappiamo cosa dire per una tragedia simile\u201d, aggiunge il primo cittadino rimarcando che, \u201cforse non e\u2019 il momento di farsi domande, ora. Ci sara\u2019 il tempo, ammesso che ci sappiamo dare risposte\u201d l giovane calciatore Seid Visin, arrivato dall\u2019Etiopia in Italia e adottato da una coppia di Nocera Inferiore (Salerno), si sarebbe suicidato impiccandosi. \u201cSono vicina alla famiglia e agli amici di Seid Visin \u2013 afferma Mara Carfagna, ministro per il Sud e la Coesione territoriale \u2013 colpiti da una vicenda che strazia il cuore e dimostra il tragico portato del razzismo. La disperazione che emerge dalla lettera di questo ragazzo giovanissimo, nel fiore degli anni e delle energie, e\u2019 una macchia che deve riempire di vergogna chiunque coltivi il disprezzo verso l\u2019altro\u201d.<\/p>\n<\/div>\n","protected":false},"excerpt":{"rendered":"<p>Non chiamatelo razzismo, perch\u00e9 &#8220;Il gesto estremo di Seid non deriva da episodi di razzismo\u201d, dicono Lena Imperato e Walter Sevin, i genitori del giovane talento nocerino chiarendo in particolare che la lettera circolata nei giorni scorsi era tratta da un post Facebook di 2 anni fa. I genitori escludono con fermezza quindi ogni correlazione &hellip;<\/p>\n","protected":false},"author":1,"featured_media":5837,"comment_status":"open","ping_status":"open","sticky":false,"template":"","format":"standard","meta":{"footnotes":""},"categories":[128],"tags":[],"class_list":["post-5836","post","type-post","status-publish","format-standard","has-post-thumbnail","hentry","category-cronaca-salerno"],"aioseo_notices":[],"_links":{"self":[{"href":"https:\/\/todaynews24campania.it\/index.php?rest_route=\/wp\/v2\/posts\/5836","targetHints":{"allow":["GET"]}}],"collection":[{"href":"https:\/\/todaynews24campania.it\/index.php?rest_route=\/wp\/v2\/posts"}],"about":[{"href":"https:\/\/todaynews24campania.it\/index.php?rest_route=\/wp\/v2\/types\/post"}],"author":[{"embeddable":true,"href":"https:\/\/todaynews24campania.it\/index.php?rest_route=\/wp\/v2\/users\/1"}],"replies":[{"embeddable":true,"href":"https:\/\/todaynews24campania.it\/index.php?rest_route=%2Fwp%2Fv2%2Fcomments&post=5836"}],"version-history":[{"count":1,"href":"https:\/\/todaynews24campania.it\/index.php?rest_route=\/wp\/v2\/posts\/5836\/revisions"}],"predecessor-version":[{"id":5839,"href":"https:\/\/todaynews24campania.it\/index.php?rest_route=\/wp\/v2\/posts\/5836\/revisions\/5839"}],"wp:featuredmedia":[{"embeddable":true,"href":"https:\/\/todaynews24campania.it\/index.php?rest_route=\/wp\/v2\/media\/5837"}],"wp:attachment":[{"href":"https:\/\/todaynews24campania.it\/index.php?rest_route=%2Fwp%2Fv2%2Fmedia&parent=5836"}],"wp:term":[{"taxonomy":"category","embeddable":true,"href":"https:\/\/todaynews24campania.it\/index.php?rest_route=%2Fwp%2Fv2%2Fcategories&post=5836"},{"taxonomy":"post_tag","embeddable":true,"href":"https:\/\/todaynews24campania.it\/index.php?rest_route=%2Fwp%2Fv2%2Ftags&post=5836"}],"curies":[{"name":"wp","href":"https:\/\/api.w.org\/{rel}","templated":true}]}}