{"id":5723,"date":"2021-06-07T08:02:28","date_gmt":"2021-06-07T06:02:28","guid":{"rendered":"http:\/\/todaynews24campania.it\/?p=5723"},"modified":"2021-06-08T08:40:54","modified_gmt":"2021-06-08T06:40:54","slug":"giu-le-mani-dai-pini-la-nota-del-comitato-beneventano","status":"publish","type":"post","link":"https:\/\/todaynews24campania.it\/?p=5723","title":{"rendered":"\u2018Gi\u00f9 le mani dai pini\u2019, la nota del comitato beneventano"},"content":{"rendered":"<p>&#8220;L\u2019Onu ha ribadito che questo decennio dovr\u00e0 essere votato al ripristino degli ecosistemi, in cui rientrano anche le aree urbane. Per arrivare a ci\u00f2 dovremmo per\u00f2 fare in modo che la cura dell\u2019ambiente e della Terra non sia solo un cumulo di belle parole, un tema di moda dietro cui c\u2019\u00e8 il nulla, esattamente come accade attualmente a tutti i livelli amministrativi, da quello centrale a quello locale\u201d. Lo scrive in una nota il Comitato \u201cGi\u00f9 le mani dai pini\u201d di Benevento.<\/p>\n<div>\n<p>\u201cBasti pensare \u2013 spiegano \u2013 che persino nel programma dell\u2019attuale sindaco di Benevento c\u2019era e c\u2019\u00e8 l\u2019obiettivo iperbolico di piantare ex novo migliaia di alberi, ben inteso purch\u00e9 eliminandone e sfregiandone contemporaneamente altri. Cosa che devono essersi dimenticati di puntualizzare. Ma si sa gli alberi , a cominciare dagli , oramai tanto \u201cfamosissimi\u201d quanto fastidiosi pini, sono comunque la fonte di tutti i mali, di tutti i rischi per grandi e piccini, i veri autentici nemici del popolo. Che siano eliminati che fanno da intralcio alle automobili e motocicli, questi ultimi parcheggiati, impunemente, pure su marciapiedi laddove dovrebbe invece passare le carrozzine.<\/p>\n<p>Eppure \u2013 aggiunge la nota \u2013 basterebbe riflettere su un dato: la famigerata, mortifera CO2 nella decennio 2010-2020 \u00e8 cresciuta nell\u2019atmosfera a una velocit\u00e0 praticamente doppia rispetto al decennio1990-2000, e ci\u00f2 nonostante l\u2019adozione di misure, del tutto insufficienti, volte unicamente alla riduzione delle emissioni. L\u2019unica cosa, ad oggi conosciuta, in grado di sottrarre anidride carbonica all\u2019aria che respiriamo \u00e8 una: gli alberi, la soluzione meno tecnologica e pi\u00f9 naturale che ci sia!<\/p>\n<p>Ecco, nel nostro piccolo, per onorare davvero la Giornata Mondiale dell\u2019Ambiente \u2013 concludono -, ci piacerebbe che nella campagna elettorale si parlasse anche di questo \u2013 sebbene al momento non si parli proprio di nulla se non di liste e voti \u2013 e che gli altri candidati dimostrassero che questo punto, ovviamente presente nel loro programma, abbia un senso effettivo e non sia la solita foglia di fico messa l\u00ec come riempitivo. Quello che possiamo fare noi invece \u00e8 impegnarci di pi\u00f9 per essere meno impattanti sull\u2019ambiente, magari sforzandoci di cambiare qualcosa nel nostro stile di vita, per preservare la natura a cominciare da quella presente nelle nostre citt\u00e0, sforzandoci di guardare un po\u2019 pi\u00f9 in l\u00e0 del presente, del nostro balcone o della nostra macchina, magari arrivando persino a pretendere da chi ci amministra coerenza e comportamenti in linea con l\u2019unico obiettivo che oggi abbia un senso: guarire la Terra. Lo dobbiamo a noi stessi ma soprattutto a chi verr\u00e0 dopo di noi\u201d.<\/p>\n<\/div>\n","protected":false},"excerpt":{"rendered":"<p>&#8220;L\u2019Onu ha ribadito che questo decennio dovr\u00e0 essere votato al ripristino degli ecosistemi, in cui rientrano anche le aree urbane. Per arrivare a ci\u00f2 dovremmo per\u00f2 fare in modo che la cura dell\u2019ambiente e della Terra non sia solo un cumulo di belle parole, un tema di moda dietro cui c\u2019\u00e8 il nulla, esattamente come &hellip;<\/p>\n","protected":false},"author":1,"featured_media":5724,"comment_status":"open","ping_status":"open","sticky":false,"template":"","format":"standard","meta":{"footnotes":""},"categories":[67],"tags":[],"class_list":["post-5723","post","type-post","status-publish","format-standard","has-post-thumbnail","hentry","category-politica-benevento"],"aioseo_notices":[],"_links":{"self":[{"href":"https:\/\/todaynews24campania.it\/index.php?rest_route=\/wp\/v2\/posts\/5723","targetHints":{"allow":["GET"]}}],"collection":[{"href":"https:\/\/todaynews24campania.it\/index.php?rest_route=\/wp\/v2\/posts"}],"about":[{"href":"https:\/\/todaynews24campania.it\/index.php?rest_route=\/wp\/v2\/types\/post"}],"author":[{"embeddable":true,"href":"https:\/\/todaynews24campania.it\/index.php?rest_route=\/wp\/v2\/users\/1"}],"replies":[{"embeddable":true,"href":"https:\/\/todaynews24campania.it\/index.php?rest_route=%2Fwp%2Fv2%2Fcomments&post=5723"}],"version-history":[{"count":1,"href":"https:\/\/todaynews24campania.it\/index.php?rest_route=\/wp\/v2\/posts\/5723\/revisions"}],"predecessor-version":[{"id":5851,"href":"https:\/\/todaynews24campania.it\/index.php?rest_route=\/wp\/v2\/posts\/5723\/revisions\/5851"}],"wp:featuredmedia":[{"embeddable":true,"href":"https:\/\/todaynews24campania.it\/index.php?rest_route=\/wp\/v2\/media\/5724"}],"wp:attachment":[{"href":"https:\/\/todaynews24campania.it\/index.php?rest_route=%2Fwp%2Fv2%2Fmedia&parent=5723"}],"wp:term":[{"taxonomy":"category","embeddable":true,"href":"https:\/\/todaynews24campania.it\/index.php?rest_route=%2Fwp%2Fv2%2Fcategories&post=5723"},{"taxonomy":"post_tag","embeddable":true,"href":"https:\/\/todaynews24campania.it\/index.php?rest_route=%2Fwp%2Fv2%2Ftags&post=5723"}],"curies":[{"name":"wp","href":"https:\/\/api.w.org\/{rel}","templated":true}]}}