{"id":5574,"date":"2021-06-04T07:16:52","date_gmt":"2021-06-04T05:16:52","guid":{"rendered":"http:\/\/todaynews24campania.it\/?p=5574"},"modified":"2021-06-08T08:47:51","modified_gmt":"2021-06-08T06:47:51","slug":"aversa-ce-attesa-per-la-festa-della-musica","status":"publish","type":"post","link":"https:\/\/todaynews24campania.it\/?p=5574","title":{"rendered":"Aversa, c\u2019\u00e8 attesa per la Festa della musica"},"content":{"rendered":"<p>&#8220;La Citt\u00e0 di Aversa per la prima volta aderisce ufficialmente alla Festa della Musica che si celebra ogni anno in tutta Europa e nel mondo il 21 giugno, giorno del solstizio d&#8217;estate&#8221;. Lo dichiara l&#8217;assessore alla Cultura <strong>Luisa Melillo&nbsp;<\/strong>nel replicare alle accuse del consigliere <strong>Alfonso Oliva<\/strong>&nbsp;che ha puntato il dito sull&#8217;esclusione dei musicisti aversani dal festival Jommelli-Cimarosa (se non per l&#8217;Altro Festival e a proprie spese).<\/p>\n<div id=\"\">\n<div id=\"\">\n<p>&#8220;Questa Festa &#8211; prosegue Melillo &#8211; \u00e8 una celebrazione della musica dal vivo finalizzata a valorizzare la molteplicit\u00e0 e la diversit\u00e0 delle pratiche e di tutti i generi musicali. La Festa rappresenta un appello alla partecipazione spontanea e all&#8217;espressione gratuita di tutti i musicisti, professionisti e amatori, solisti e di gruppo, e di tutte le istituzioni musicali. Tutti i concerti sono gratuiti e i musicisti che si esibiscono lo fanno a titolo gratuito per far conoscere la propria arte e per diffondere l&#8217;amore per la musica in tutte le sue espressioni. \u00c8 questo lo spirito della Festa. Mi meraviglia non lo sappia chi oggi mi attaccava sui media gridando allo scandalo e mi meraviglia non lo sappia chi sta in queste ore chiamando artisti locali provando ad esortarli a boicottare l&#8217;evento. Vi invito a visitare il sito: www.festadellamusica.beniculturali.it per conoscere i principi, gli intenti e le finalit\u00e0 che da decenni animano in tutto il mondo questa Festa. \u00c8 un grande onore che Aversa ci sia. Viva la musica, viva gli eventi all&#8217;aria aperta&#8221;.&nbsp;<\/p>\n<\/div>\n<\/div>\n","protected":false},"excerpt":{"rendered":"<p>&#8220;La Citt\u00e0 di Aversa per la prima volta aderisce ufficialmente alla Festa della Musica che si celebra ogni anno in tutta Europa e nel mondo il 21 giugno, giorno del solstizio d&#8217;estate&#8221;. Lo dichiara l&#8217;assessore alla Cultura Luisa Melillo&nbsp;nel replicare alle accuse del consigliere Alfonso Oliva&nbsp;che ha puntato il dito sull&#8217;esclusione dei musicisti aversani dal &hellip;<\/p>\n","protected":false},"author":1,"featured_media":0,"comment_status":"open","ping_status":"open","sticky":false,"template":"","format":"standard","meta":{"footnotes":""},"categories":[74],"tags":[],"class_list":["post-5574","post","type-post","status-publish","format-standard","hentry","category-attualita-caserta"],"aioseo_notices":[],"_links":{"self":[{"href":"https:\/\/todaynews24campania.it\/index.php?rest_route=\/wp\/v2\/posts\/5574","targetHints":{"allow":["GET"]}}],"collection":[{"href":"https:\/\/todaynews24campania.it\/index.php?rest_route=\/wp\/v2\/posts"}],"about":[{"href":"https:\/\/todaynews24campania.it\/index.php?rest_route=\/wp\/v2\/types\/post"}],"author":[{"embeddable":true,"href":"https:\/\/todaynews24campania.it\/index.php?rest_route=\/wp\/v2\/users\/1"}],"replies":[{"embeddable":true,"href":"https:\/\/todaynews24campania.it\/index.php?rest_route=%2Fwp%2Fv2%2Fcomments&post=5574"}],"version-history":[{"count":1,"href":"https:\/\/todaynews24campania.it\/index.php?rest_route=\/wp\/v2\/posts\/5574\/revisions"}],"predecessor-version":[{"id":5597,"href":"https:\/\/todaynews24campania.it\/index.php?rest_route=\/wp\/v2\/posts\/5574\/revisions\/5597"}],"wp:attachment":[{"href":"https:\/\/todaynews24campania.it\/index.php?rest_route=%2Fwp%2Fv2%2Fmedia&parent=5574"}],"wp:term":[{"taxonomy":"category","embeddable":true,"href":"https:\/\/todaynews24campania.it\/index.php?rest_route=%2Fwp%2Fv2%2Fcategories&post=5574"},{"taxonomy":"post_tag","embeddable":true,"href":"https:\/\/todaynews24campania.it\/index.php?rest_route=%2Fwp%2Fv2%2Ftags&post=5574"}],"curies":[{"name":"wp","href":"https:\/\/api.w.org\/{rel}","templated":true}]}}