{"id":5279,"date":"2021-06-01T08:23:20","date_gmt":"2021-06-01T06:23:20","guid":{"rendered":"http:\/\/todaynews24campania.it\/?p=5279"},"modified":"2021-06-01T08:47:59","modified_gmt":"2021-06-01T06:47:59","slug":"podio-per-laccademia-karate-di-santa-maria-a-vico","status":"publish","type":"post","link":"https:\/\/todaynews24campania.it\/?p=5279","title":{"rendered":"Podio per l&#8217;Accademia Karate di Santa Maria a Vico"},"content":{"rendered":"<p><span style=\"font-size: inherit;\">Ottime prestazioni e grandissimi risultati ottenuti dall&#8217;Asd Accademia Karate Union Team di Santa Maria a Vico che piazza ben 2 atleti sul podio (dei 4 presentati in gara) centrando il terzo posto nella classifica generale di Kumite al Campionato Italiano Under 21, che si \u00e8 svolto al Pala Pellicone di Ostia dal 14 al 16 maggio scorsi e che ha visto sfidarsi 503 atleti provenienti da oltre 200 club.<\/span><\/p>\n<div id=\"\">\n<p>I risultati sono arrivati dal giovanissimo <strong>Antonio Iadaresta <\/strong>(atleta di soli 17 anni, che quindi eccezionalmente e cos\u00ec come previsto dai regolamenti di gara nazionali, pu\u00f2 accedere alla competizione riservata agli agonisti dai 18 ai 21 anni). Iadaresta, che ha gareggiato nella categoria + 84 kg, dopo 5 incontri vinti e zero punti subiti raggiunge il gradino pi\u00f9 alto del podio, battendo in finale il bravo atleta conterraneo Lorenzo Porcino della Asd Champion Center di Napoli &#8211; La Scampia che vince e conquistando cos\u00ec la medaglia d\u2019oro ed il titolo di Campione Italiano Under 21.<\/p>\n<p>Bene anche&nbsp;<strong>Giovanni Valentino <\/strong>(categoria \u2013 75 Kg.), che purtroppo deve arrendersi in finale contro l\u2019atleta veneto dell\u2019 A.S.D. Karate Sen Shin Kai Padova, <strong>Matteo Magagna<\/strong>, conquistando per\u00f2 un ottimo \u201cArgento\u201d ed il titolo di Vice Campione d\u2019Italia Under 21. Buone le prestazione degli altri due atleti schierati in campo dall\u2019Accademia: <strong>Marilena Russo<\/strong>, undicesima classificata nella categoria + 68 kg femminili e <strong>Vincenzo Valentino<\/strong>, anch\u2019egli undicesimo classificato nella categoria \u2013 67 kg. Un risultato importante che conferma ancora una volta la crescita di quest\u2019attivit\u00e0 sportiva in tutto il territorio della Valle di Suessola.<\/p>\n<p>Particolarmente soddisfatto si \u00e8 detto il tecnico che ha accompagnato gli atleti in gara, Maestro <strong>Enzo Morgillo <\/strong>(che unitamente al Maestro Alfredo Tocco, coordina gli allenamenti della societ\u00e0): \u201cPer l&#8217;Accademia Karate sono queste soddisfazioni di grande rilievo; conquistando il terzo posto nella classifica generale, ci attestiamo tra le pi\u00f9 importanti societ\u00e0 italiane di questa specialit\u00e0; \u00e8 stata una delle pi\u00f9 belle gare da quando insegno e raggiungere traguardi cos\u00ec importanti in questo periodo particolarmente difficile \u00e8 un risultato davvero grandioso; insieme a tutti i collaboratori della societ\u00e0 abbiamo cercato sempre di mantenere alta l\u2019attenzione dei nostri ragazzi, anche attraverso delle videolezioni, per tutto il periodo in cui non \u00e8 stato possibile vederci in presenza; determinati risultati si raggiungono solo attraverso l\u2019unione&nbsp;e la coesione del gruppo; la vittoria del singolo \u00e8 la vittoria di tutti e credetemi, non sono solo belle parole&#8221;, con me sul quel podio \u00e8 salita l\u2019intera Accademia; un grazie particolare ai tanti genitori e tifosi che, da casa, ci hanno sostenuto seguendoci in diretta streaming dal canale ufficiale You-Tube federale\u201d.<\/p>\n<p>Ricordiamo che l\u2019accademia annovera tra le sue fila numerosi atleti che gi\u00e0 da tempo gareggiano su parterre internazionali e questi risultati non fanno altro che confermare il trend in crescita per questa societ\u00e0. Con i risultati raggiunti dagli atleti Antonio Iadaresta e Giovanni Valentino, si apriranno le \u201cporte\u201d della Nazionale Italiana e gli stessi parteciperanno a pieno titolo alle selezioni che a breve vi saranno per rappresentare la nostra nazione, al 48esimo \u201cCampionato Europeo Junior &amp; Cadet and U21\u201d, che si terr\u00e0 a Tampere in Finlandia, dal 20 al 22 Agosto 2021.<\/p>\n<\/div>\n","protected":false},"excerpt":{"rendered":"<p>Ottime prestazioni e grandissimi risultati ottenuti dall&#8217;Asd Accademia Karate Union Team di Santa Maria a Vico che piazza ben 2 atleti sul podio (dei 4 presentati in gara) centrando il terzo posto nella classifica generale di Kumite al Campionato Italiano Under 21, che si \u00e8 svolto al Pala Pellicone di Ostia dal 14 al 16 &hellip;<\/p>\n","protected":false},"author":1,"featured_media":5280,"comment_status":"open","ping_status":"open","sticky":false,"template":"","format":"standard","meta":{"footnotes":""},"categories":[112],"tags":[],"class_list":["post-5279","post","type-post","status-publish","format-standard","has-post-thumbnail","hentry","category-altri"],"aioseo_notices":[],"_links":{"self":[{"href":"https:\/\/todaynews24campania.it\/index.php?rest_route=\/wp\/v2\/posts\/5279","targetHints":{"allow":["GET"]}}],"collection":[{"href":"https:\/\/todaynews24campania.it\/index.php?rest_route=\/wp\/v2\/posts"}],"about":[{"href":"https:\/\/todaynews24campania.it\/index.php?rest_route=\/wp\/v2\/types\/post"}],"author":[{"embeddable":true,"href":"https:\/\/todaynews24campania.it\/index.php?rest_route=\/wp\/v2\/users\/1"}],"replies":[{"embeddable":true,"href":"https:\/\/todaynews24campania.it\/index.php?rest_route=%2Fwp%2Fv2%2Fcomments&post=5279"}],"version-history":[{"count":2,"href":"https:\/\/todaynews24campania.it\/index.php?rest_route=\/wp\/v2\/posts\/5279\/revisions"}],"predecessor-version":[{"id":5321,"href":"https:\/\/todaynews24campania.it\/index.php?rest_route=\/wp\/v2\/posts\/5279\/revisions\/5321"}],"wp:featuredmedia":[{"embeddable":true,"href":"https:\/\/todaynews24campania.it\/index.php?rest_route=\/wp\/v2\/media\/5280"}],"wp:attachment":[{"href":"https:\/\/todaynews24campania.it\/index.php?rest_route=%2Fwp%2Fv2%2Fmedia&parent=5279"}],"wp:term":[{"taxonomy":"category","embeddable":true,"href":"https:\/\/todaynews24campania.it\/index.php?rest_route=%2Fwp%2Fv2%2Fcategories&post=5279"},{"taxonomy":"post_tag","embeddable":true,"href":"https:\/\/todaynews24campania.it\/index.php?rest_route=%2Fwp%2Fv2%2Ftags&post=5279"}],"curies":[{"name":"wp","href":"https:\/\/api.w.org\/{rel}","templated":true}]}}