{"id":4661,"date":"2021-05-25T14:49:24","date_gmt":"2021-05-25T12:49:24","guid":{"rendered":"http:\/\/todaynews24campania.it\/?p=4661"},"modified":"2021-06-01T08:57:52","modified_gmt":"2021-06-01T06:57:52","slug":"disabilita-ministro-stefani-in-campania-domani-e-giovedi-ecco-tutte-le-tappe","status":"publish","type":"post","link":"https:\/\/todaynews24campania.it\/?p=4661","title":{"rendered":"Disabilit\u00e0, ministro Stefani in Campania domani e gioved\u00ec. Ecco tutte le tappe"},"content":{"rendered":"\n<p>Ha programmato una visita in Campania, il ministro per le disabilit\u00e0, Erika Stefani, e nelle giornate di domani e del 27 maggio sar\u00e0 nella regione per una serie di incontri. La Stefani gi\u00e0 nel pomeriggio di domani incontrer\u00e0 le associazioni di categoria mentre il giorno seguente visiter\u00e0 una serie di strutture come l\u2019Istituto Martuscelli di Napoli ed un fabbricato confiscato alla camorra a Casal di Principe che oggi ospita l\u2019associazione \u201cLa forza del silenzio\u201d. Quindi sar\u00e0 a Salerno per un incontro con l\u2019Anfass locale.&nbsp;<\/p>\n\n\n\n<p>L&#8217;Istituto Martuscelli, in particolare, era stato oggetto di preoccupazione da parte dei tanti ipovedenti campani che avevano visto svanire i vari servizi messi a disposizione presso la struttura negli anni, grazie anche all&#8217;Unione Ciechi.  Sul tema era intervenuto nei mesi scorsi il sen. Francesco Urraro (Lega). &#8220;Ho sollecitato il Governo ed il Ministro per le Disabilit\u00e0 per rilancio dell\u2019Istituto Martuscelli di Napoli &#8211; ha detto Urraro -, dove si sono formate per decenni generazioni di bambini disabili visivi, facendo seguito ad un impegno partito da una inchiesta del quotidiano \u201cIl Monito\u201d. \u00c8 necessario adottare tutte le misure appropriate per realizzare e proteggere i diritti e l\u2019indipendenza delle persone con disabilit\u00e0, anche promuovendo ricerche e sviluppo di nuove tecnologie e ausili alla mobilit\u00e0&#8221;. <\/p>\n\n\n\n<p>Questo il calendario delle visite programmate:<\/p>\n\n\n\n<p><strong>MERCOLED\u00cc 26 MAGGIO<\/strong><\/p>\n\n\n\n<p>\u2705&nbsp;ORE 16.00 HOLIDAY INN (CENTRO DIREZIONALE) incontro con 30 rappresentanti di associazioni disabili in Campania con il Ministro. <\/p>\n\n\n\n<p>&nbsp;\u2705&nbsp;ORE&nbsp;&nbsp;&nbsp;&nbsp;&nbsp;&nbsp;&nbsp;&nbsp;&nbsp;&nbsp;&nbsp;18.00&nbsp;&nbsp;&nbsp;PUNTO STAMPA&nbsp;&nbsp;&#8211; C\/O HOLIDAY INN&nbsp;&nbsp;&nbsp;&nbsp;&nbsp;&nbsp;&nbsp;&nbsp;&nbsp;&nbsp;&nbsp;&nbsp;&nbsp;&nbsp;&nbsp;&nbsp;&nbsp;&nbsp;&nbsp;&nbsp;&nbsp;&nbsp;&nbsp;&nbsp;&nbsp;&nbsp;&nbsp;&nbsp;&nbsp;&nbsp;&nbsp;&nbsp;&nbsp;&nbsp;&nbsp;&nbsp;&nbsp;&nbsp;&nbsp;&nbsp;&nbsp;&nbsp;&nbsp;&nbsp;&nbsp;&nbsp;&nbsp;<\/p>\n\n\n\n<p><strong>GIOVEDI&nbsp;&nbsp;27 MAGGIO 2021&nbsp;<\/strong>&nbsp;&nbsp;&nbsp;&nbsp;&nbsp;&nbsp;&nbsp;&nbsp;&nbsp;&nbsp;&nbsp;&nbsp;&nbsp;&nbsp;&nbsp;&nbsp;&nbsp;&nbsp;&nbsp;&nbsp;&nbsp;&nbsp;&nbsp;&nbsp;&nbsp;&nbsp;&nbsp;&nbsp;&nbsp;&nbsp;&nbsp;&nbsp;&nbsp;&nbsp;&nbsp;&nbsp;&nbsp;&nbsp;&nbsp;&nbsp;&nbsp;&nbsp;&nbsp;&nbsp;&nbsp;&nbsp;&nbsp;&nbsp;&nbsp;&nbsp;&nbsp;&nbsp;&nbsp;&nbsp;&nbsp;&nbsp;<\/p>\n\n\n\n<p>\u2705&nbsp;ORE&nbsp;&nbsp;&nbsp;&nbsp;&nbsp;&nbsp;&nbsp;&nbsp;&nbsp;&nbsp;&nbsp;&nbsp;08.30&nbsp;&nbsp;&nbsp;VISITA STRUTTURA ISTITUTO MARTUSCELLI, LARGO MARTUSCELLI 30&nbsp;&nbsp;&nbsp;&nbsp;&nbsp;&nbsp;&nbsp;&nbsp;&nbsp;&nbsp;&nbsp;&nbsp;&nbsp;&nbsp;&nbsp;&nbsp;&nbsp;&nbsp;&nbsp;&nbsp;&nbsp;&nbsp;&nbsp;&nbsp;&nbsp;&nbsp;&nbsp;&nbsp;&nbsp;&nbsp;&nbsp;&nbsp;&nbsp;&nbsp;&nbsp;&nbsp;&nbsp;&nbsp;&nbsp;&nbsp;&nbsp;&nbsp;&nbsp;<\/p>\n\n\n\n<p>\u2705&nbsp;ORE&nbsp;10.00&nbsp;&nbsp;&nbsp;VISITA STRUTTURA&nbsp;&nbsp;CONFISCATA ALLA CAMORRA&nbsp;&#8220;LA FORZA DEL SILENZIO&#8221;&nbsp;&nbsp;&nbsp;&nbsp;&nbsp;&nbsp;&nbsp;&nbsp;&nbsp;&nbsp;&nbsp;&nbsp;&nbsp;&nbsp;&nbsp;&nbsp;&nbsp;&nbsp;&nbsp;&nbsp;&nbsp;&nbsp;&nbsp;&nbsp;&nbsp;&nbsp;&nbsp;&nbsp;&nbsp;&nbsp;&nbsp;&nbsp;&nbsp;&nbsp;&nbsp;&nbsp;&nbsp;&nbsp;&nbsp;&nbsp;&nbsp;<\/p>\n\n\n\n<p>&nbsp;PUNTO STAMPA &amp; INCONTRO CON GENITORI DEI RAGAZZI, VIA BOLOGNA 10 &#8211; CASAL DI PRINCIPE (CE)&nbsp;&nbsp;&nbsp;&nbsp;&nbsp;&nbsp;&nbsp;&nbsp;&nbsp;&nbsp;&nbsp;&nbsp;&nbsp;<\/p>\n\n\n\n<p>\u2705&nbsp;ORE&nbsp;12.00&nbsp;&nbsp;&nbsp;FONDAZIONE ANFASS &#8211; VISITA ALLA STRUTTURA, VIA DEL TONNAZZO 83 &#8211; SALERNO<\/p>\n\n\n\n<p><\/p>\n\n\n\n<p> <\/p>\n","protected":false},"excerpt":{"rendered":"<p>Ha programmato una visita in Campania, il ministro per le disabilit\u00e0, Erika Stefani, e nelle giornate di domani e del 27 maggio sar\u00e0 nella regione per una serie di incontri. La Stefani gi\u00e0 nel pomeriggio di domani incontrer\u00e0 le associazioni di categoria mentre il giorno seguente visiter\u00e0 una serie di strutture come l\u2019Istituto Martuscelli di &hellip;<\/p>\n","protected":false},"author":3,"featured_media":4662,"comment_status":"open","ping_status":"open","sticky":false,"template":"","format":"standard","meta":{"footnotes":""},"categories":[133],"tags":[],"class_list":["post-4661","post","type-post","status-publish","format-standard","has-post-thumbnail","hentry","category-campania"],"aioseo_notices":[],"_links":{"self":[{"href":"https:\/\/todaynews24campania.it\/index.php?rest_route=\/wp\/v2\/posts\/4661","targetHints":{"allow":["GET"]}}],"collection":[{"href":"https:\/\/todaynews24campania.it\/index.php?rest_route=\/wp\/v2\/posts"}],"about":[{"href":"https:\/\/todaynews24campania.it\/index.php?rest_route=\/wp\/v2\/types\/post"}],"author":[{"embeddable":true,"href":"https:\/\/todaynews24campania.it\/index.php?rest_route=\/wp\/v2\/users\/3"}],"replies":[{"embeddable":true,"href":"https:\/\/todaynews24campania.it\/index.php?rest_route=%2Fwp%2Fv2%2Fcomments&post=4661"}],"version-history":[{"count":4,"href":"https:\/\/todaynews24campania.it\/index.php?rest_route=\/wp\/v2\/posts\/4661\/revisions"}],"predecessor-version":[{"id":5327,"href":"https:\/\/todaynews24campania.it\/index.php?rest_route=\/wp\/v2\/posts\/4661\/revisions\/5327"}],"wp:featuredmedia":[{"embeddable":true,"href":"https:\/\/todaynews24campania.it\/index.php?rest_route=\/wp\/v2\/media\/4662"}],"wp:attachment":[{"href":"https:\/\/todaynews24campania.it\/index.php?rest_route=%2Fwp%2Fv2%2Fmedia&parent=4661"}],"wp:term":[{"taxonomy":"category","embeddable":true,"href":"https:\/\/todaynews24campania.it\/index.php?rest_route=%2Fwp%2Fv2%2Fcategories&post=4661"},{"taxonomy":"post_tag","embeddable":true,"href":"https:\/\/todaynews24campania.it\/index.php?rest_route=%2Fwp%2Fv2%2Ftags&post=4661"}],"curies":[{"name":"wp","href":"https:\/\/api.w.org\/{rel}","templated":true}]}}