{"id":3402,"date":"2021-05-06T07:18:09","date_gmt":"2021-05-06T05:18:09","guid":{"rendered":"http:\/\/todaynews24campania.it\/?p=3402"},"modified":"2021-08-31T09:23:46","modified_gmt":"2021-08-31T07:23:46","slug":"salerno-preside-segnala-alunna-a-procura-minori-caso-in-parlamento","status":"publish","type":"post","link":"https:\/\/todaynews24campania.it\/?p=3402","title":{"rendered":"Salerno, preside segnala alunna a procura Minori, caso in Parlamento"},"content":{"rendered":"\n<p>Finisce in Parlamento la vicenda della bambina salernitana di 10 anni denunciata alla Procura per i minorenni dalla dirigente del suo istituto per aver fotografato lo schermo mentre si svolgeva una lezione in modalit\u00e0 a distanza e per aver diffuso l&#8217;immagine, con commenti offensivi, su un social. &#8220;Una notizia che merita sicuramente accertamenti approfonditi, anche in sede scolastica e da parte del Ministero&#8221; dichiara oggi il deputato di Forza Italia Valentina Aprea che, insieme ai colleghi Enrico Costa del Gruppo Misto-Azione+Europa e Felice Maurizio D&#8217;Ettore di Forza Italia, ha presentato un&#8217;interrogazione al ministro dell&#8217;Istruzione per chiedere l&#8217;avvio di un&#8217;indagine amministrativa. L&#8217;episodio, gi\u00e0 riportato nelle scorse settimane da vari media, \u00e8 avvenuto il 26 marzo. L&#8217;alunna dell&#8217;istituto comprensivo Calcedonia avrebbe fotografato lo schermo &#8211; all&#8217;insaputa di docenti e compagni &#8211; e prodotto due video contenenti commenti offensivi diffusi via social. La dirigente scolastica, oltre a comunicarlo ai genitori per chiedere la rimozione del materiale, ha informato dell&#8217;accaduto la Procura per i Minorenni di Salerno e i servizi sociali del Comune. <\/p>\n\n\n\n<p>Secondo quanto riferisce l&#8217;ANSA, la dirigente Mirella Amato ha preferito non commentare la vicenda &#8220;perch\u00e9 c&#8217;\u00e8 un&#8217;inchiesta in atto&#8221;. Per l&#8217;avvocato Mariagrazia Rosamilia, legale nominato dalla famiglia, invece &#8220;in questo periodo di particolare emergenza sanitaria anche la scuola dovrebbe affiancare gli studenti e non porsi in una posizione di supremazia. Il gesto, seppur sbagliato, pu\u00f2 essere legato al momento particolare vissuto: a 10 anni la didattica a distanza non \u00e8 semplice&#8221;. La vicenda, intanto, \u00e8 finita anche all&#8217;attenzione dei parlamentari che hanno deciso d&#8217;interrogare il ministro: a loro avviso vanno &#8220;anche accertate le ragioni per le quali la scuola di Salerno non abbia valutato, considerato che si \u00e8 subito rivolta alla Procura per i minorenni, di assumere pure il ruolo di mediatrice tra i soggetti coinvolti a tutela del minore e per accertare ogni ulteriore aspetto della vicenda. Gli obblighi di vigilanza gravano, in ogni caso, anche sull&#8217;insegnante e sulla scuola, tenuto conto altres\u00ec della novit\u00e0 e specialit\u00e0 della didattica a distanza. Si faccia presto luce sulla vicenda anche da parte del ministero, con ogni opportuna indagine amministrativa in merito a tutela della minore&#8221;.<\/p>\n","protected":false},"excerpt":{"rendered":"<p>Finisce in Parlamento la vicenda della bambina salernitana di 10 anni denunciata alla Procura per i minorenni dalla dirigente del suo istituto per aver fotografato lo schermo mentre si svolgeva una lezione in modalit\u00e0 a distanza e per aver diffuso l&#8217;immagine, con commenti offensivi, su un social. &#8220;Una notizia che merita sicuramente accertamenti approfonditi, anche &hellip;<\/p>\n","protected":false},"author":3,"featured_media":3403,"comment_status":"open","ping_status":"open","sticky":false,"template":"","format":"standard","meta":{"footnotes":""},"categories":[128],"tags":[],"class_list":["post-3402","post","type-post","status-publish","format-standard","has-post-thumbnail","hentry","category-cronaca-salerno"],"aioseo_notices":[],"_links":{"self":[{"href":"https:\/\/todaynews24campania.it\/index.php?rest_route=\/wp\/v2\/posts\/3402","targetHints":{"allow":["GET"]}}],"collection":[{"href":"https:\/\/todaynews24campania.it\/index.php?rest_route=\/wp\/v2\/posts"}],"about":[{"href":"https:\/\/todaynews24campania.it\/index.php?rest_route=\/wp\/v2\/types\/post"}],"author":[{"embeddable":true,"href":"https:\/\/todaynews24campania.it\/index.php?rest_route=\/wp\/v2\/users\/3"}],"replies":[{"embeddable":true,"href":"https:\/\/todaynews24campania.it\/index.php?rest_route=%2Fwp%2Fv2%2Fcomments&post=3402"}],"version-history":[{"count":1,"href":"https:\/\/todaynews24campania.it\/index.php?rest_route=\/wp\/v2\/posts\/3402\/revisions"}],"predecessor-version":[{"id":3404,"href":"https:\/\/todaynews24campania.it\/index.php?rest_route=\/wp\/v2\/posts\/3402\/revisions\/3404"}],"wp:featuredmedia":[{"embeddable":true,"href":"https:\/\/todaynews24campania.it\/index.php?rest_route=\/wp\/v2\/media\/3403"}],"wp:attachment":[{"href":"https:\/\/todaynews24campania.it\/index.php?rest_route=%2Fwp%2Fv2%2Fmedia&parent=3402"}],"wp:term":[{"taxonomy":"category","embeddable":true,"href":"https:\/\/todaynews24campania.it\/index.php?rest_route=%2Fwp%2Fv2%2Fcategories&post=3402"},{"taxonomy":"post_tag","embeddable":true,"href":"https:\/\/todaynews24campania.it\/index.php?rest_route=%2Fwp%2Fv2%2Ftags&post=3402"}],"curies":[{"name":"wp","href":"https:\/\/api.w.org\/{rel}","templated":true}]}}