{"id":23750,"date":"2021-12-17T15:44:56","date_gmt":"2021-12-17T14:44:56","guid":{"rendered":"http:\/\/todaynews24campania.it\/?p=23750"},"modified":"2021-12-17T15:45:03","modified_gmt":"2021-12-17T14:45:03","slug":"presentata-una-borsa-di-studio-in-memoria-di-genny-cesarano-per-supportare-il-percorso-educativo-di-bambini-e-adolescenti-del-rione-sanita","status":"publish","type":"post","link":"https:\/\/todaynews24campania.it\/?p=23750","title":{"rendered":"Presentata &#8220;Una borsa di studio in memoria di Genny Cesarano\u201d per  supportare il percorso educativo di bambini e adolescenti del Rione Sanit\u00e0"},"content":{"rendered":"\n<p>E&#8217; stata presentata l\u2019iniziativa \u201cUna Borsa di Studio in Memoria di Genny Cesarano\u201d per contrastare la povert\u00e0 educativa, supportando il percorso educativo di bambini e adolescenti del rione Sanit\u00e0 di Napoli, aiutandoli a seguire sogni e aspirazioni. Lo si \u00e8 fatto ieri, nel corso di una conferenza stampa svoltasi presso la\u00a0sala del Capitolo \u2018San Domenico Maggiore\u2019, in occasione all\u2019evento \u201cStrade Maestre\u201d,\u00a0Giornata dedicata alla protezione dei minori su strada. Hanno partecipato rappresentanti delle istituzioni, del mondo scolastico e della diocesi partenopea, ieri rappresentata da Padre Francesco Beneduce, Vescovo Ausiliare dell\u2019Arcidiocesi Metropolitana di Napoli. Promotori di questa lodevole iniziativa, nell\u2019ambito del progetto PITER (Percorsi di inclusione innovazione territoriale ed empowerment nel rione Sanit\u00e0) sono l\u2019associazione\u00a0\u2018Un Popolo in Cammino per Genny vive\u2019\u00a0insieme alla\u00a0Cooperativa \u2018San Francesco\u2019\u00a0s.c.s., al\u00a0Consorizio \u2018 Luna\u2019\u00a0s.c.s. e all\u2019associazione\u00a0\u2018Libera contro le mafie\u2019.<\/p>\n\n\n\n<p>La\u00a0Borsa di Studio in Memoria di Genny Cesarano, oltrea sostenere i minori nel rione Sanit\u00e0 nella partecipazione a percorsi formativi utili a valorizzare il loro talento, servir\u00e0 a supportare l\u2019acquisto di corredi scolastici per minori con difficolt\u00e0\u00a0 socio-economiche. L\u2019iniziativa sar\u00e0 finanziata mediante la donazione di enti pubblici e privati del singoli cittadini. Con questa donazione saranno finanziati i percorsi scolastici e formativi di minori segnalati dalle agenzie educative del rione Sanit\u00e0. La governance dell\u2019iniziativa sar\u00e0 affidata ad un comitato di gestione costituito dal Comitato promotore e da tutti gli enti che vorranno aderire, donando liberamente qualsiasi importo senza obbligo per gli anni successivi. Si potr\u00e0 partecipare anche donando il 5&#215;1000 all\u2019associazione\u00a0\u2018Un Popolo in Cammino per Genny vive\u2019\u00a0presieduta da\u00a0Antonio Cesarano\u00a0e il 2&#215;1000 al\u00a0Centro Studi Cesta\u2019.<\/p>\n\n\n\n<p>La conferenza stampa \u00e8 stata preceduta dall\u2019intervento della\u00a0responsabile percorsi di legalit\u00e0 progetto P.I.T.E.R., Assunta Maiello\u00a0che ha messo in luce le varie attivit\u00e0 dei \u201cpercorsi\u201d alla legalit\u00e0 e interculturali promossi e realizzati in seno al avvicinarsi al\u00a0progetto P.I.T.E.R.\u00a0nato per prevenire e contrastare la dispersione scolastica, diffondere la cultura della legalit\u00e0 e promuovere lo sviluppo delle capacit\u00e0 e dell\u2019autostima nei giovani partecipanti, ragazzi tra i 6 ed i 16 anni\u201d e del\u00a0baby sindaco del Rione Sanit\u00e0, Emmanuele Improta, che ha rappresentato le istanze del mondo giovanile alle quali urge dare risposte concrete per migliorare la qualit\u00e0 di vita di bambini e adolescenti nel rione Sanit\u00e0.<\/p>\n\n\n\n<p>Ad introdurre la conferenza stampa \u00e8 stato\u00a0Paolo Ragusa, Responsabile dell\u2019area minori\u00a0Cooperativa \u2018San Francesco\u2019, il quale ha spiegato ai presenti che \u201cabbiamo pensato alla istituzione delle borse di studio in memoria di Genny Cesarano per contribuire all&#8217;opera di infrastrutturazione sociale del Rione Sanit\u00e0.\u00a0Chiediamo collaborazione ed aiuto alle istituzioni pubbliche, agli enti di terzo settore, al mondo produttivo, ma in maniera particolare alla fondazione di comunit\u00e0 San Gennaro e per il suo tramite alla Fondazione CON IL SUD che ne accompagna il percorso.\u00a0Offriamo questa iniziativa al tavolo del &#8220;Patto educativo della citt\u00e0 di Napoli&#8221; promosso da S.E. l\u2019Arcivescovo metropolita di Napoli, Domenico Battaglia, al quale abbiamo aderito con convinzione.\u201d<\/p>\n\n\n\n<p>Sono quindi intervenuti:<strong>\u00a0<\/strong>Ida Carbone\u00a0(vice Prefetto Aggiunto di Napoli) la quale ha auspicato che \u201cle iniziative come il progetto PITER non terminino, ma che possa essere garantita una sostenibilit\u00e0 di questi interventi ed essere duplicati nel territorio, perch\u00e9 i giovani ne hanno tanto bisogno\u201d;<strong>\u00a0<\/strong>Severino Nappi\u00a0(Consigliere regionale Campania): \u201cNel Pnrr ci sono quasi 12 miliardi di euro per politiche di integrazione sociale, a cui si accompagnano come fondi regionali della Campania circa un miliardo e mezzo di euro, che riguardano il welfare. La scommessa \u00e8 quella di fare squadra. In questi mesi si combatte la battaglia decisiva per mettere in campo le risorse necessarie per moltiplicare iniziative come questa\u201d;\u00a0Chiara Marciani\u00a0(assessore alle Politiche giovanili Comune di Napoli): \u201cAbbiamo lavorato all\u2019evoluzione di questo progetto, scrivendo una lettera al ministero e chiedendo che alcune risorse inutilizzate su questo progetto servissero a realizzare un corso di formazione definito all\u2019interno del sistema duale, ossia corsi rivolti ai ragazzi dai 14 anni, comunque ancora in obbligo scolastico, che hanno abbandonato la scuola e che in questo modo possano inserirsi in un percorso non solo scolastico che porti anche alla qualifica professionale. Sarebbe bello che queste borse di studio di cui avete parlato possano essere destinate a sostegno di ragazzi che frequenteranno questi corsi di formazione\u201d.<\/p>\n\n\n\n<p>Durante la conferenza stampa si sono registrati altri interventi qualificati:\u00a0Michele Cutolo\u00a0(vice Presidente nazionale MCL);\u00a0Giuseppe Precchia\u00a0(Consulente senior Consorzio \u201cLuna\u201d);\u00a0Giovanna Scala\u00a0(Dirigente scolastica dell\u2019Istituto Statale di Istruzione Superiore \u201cIsabella d\u2019Este Caracciolo\u201d) e\u00a0Simona Planu<strong>\u00a0<\/strong>(Project manager progetto P.I.T.E.R.) che ha sottolineato come \u201cStrade Maestre serve a raccontare e parlare del vissuto di questi bambini che tutti i giorni cercano di trovare uno spazio di gioco o per crescita sana. Lavoriamo per capire come fare per aiutarli e proteggere perch\u00e9 spesso le nostre citt\u00e0 non sono dei luoghi sicuri\u201d.<\/p>\n\n\n\n<p>Lorenzo Bianco di\u00a0\u2018Libera contro le mafie\u2019<strong>\u00a0<\/strong>ha invece evidenziato come per i piccoli delrione Sanit\u00e0 ci sia bisogno di mettere in campo un\u2019azione che sa continuativa anche da parte delle istituzioni e delle associazioni\u201d<\/p>\n\n\n\n<p>Dopo la conferenza stampa si \u00e8 il\u00a0Workshop percorsi di legalit\u00e0\u00a0e nel pomeriggio bambini e adolescenti hanno dato vita, assieme agli operatori e ai responsabili del progetto P.I.T.E.R., ad si \u00e8 svolta una fiaccolata e un corteo che partendo da piazza Cavour si \u00e8 diretta verso piazza Sanit\u00e0, presso la statua di\u00a0Genny Cesarano, giovane vittima innocente di camorra, dove era stata allestita una piccola mostra fotografica e dovevano svolgersi altri appuntamenti previsti dall\u2019iniziativa\u00a0\u201cPiazza Aperta alla Memoria\u201d, ma che per motivi di emergenza sanitaria sono stati ridotti.<\/p>\n","protected":false},"excerpt":{"rendered":"<p>E&#8217; stata presentata l\u2019iniziativa \u201cUna Borsa di Studio in Memoria di Genny Cesarano\u201d per contrastare la povert\u00e0 educativa, supportando il percorso educativo di bambini e adolescenti del rione Sanit\u00e0 di Napoli, aiutandoli a seguire sogni e aspirazioni. Lo si \u00e8 fatto ieri, nel corso di una conferenza stampa svoltasi presso la\u00a0sala del Capitolo \u2018San Domenico &hellip;<\/p>\n","protected":false},"author":3,"featured_media":23751,"comment_status":"open","ping_status":"open","sticky":false,"template":"","format":"standard","meta":{"footnotes":""},"categories":[79,31],"tags":[],"class_list":["post-23750","post","type-post","status-publish","format-standard","has-post-thumbnail","hentry","category-attualita-napoli","category-napoli"],"aioseo_notices":[],"_links":{"self":[{"href":"https:\/\/todaynews24campania.it\/index.php?rest_route=\/wp\/v2\/posts\/23750","targetHints":{"allow":["GET"]}}],"collection":[{"href":"https:\/\/todaynews24campania.it\/index.php?rest_route=\/wp\/v2\/posts"}],"about":[{"href":"https:\/\/todaynews24campania.it\/index.php?rest_route=\/wp\/v2\/types\/post"}],"author":[{"embeddable":true,"href":"https:\/\/todaynews24campania.it\/index.php?rest_route=\/wp\/v2\/users\/3"}],"replies":[{"embeddable":true,"href":"https:\/\/todaynews24campania.it\/index.php?rest_route=%2Fwp%2Fv2%2Fcomments&post=23750"}],"version-history":[{"count":1,"href":"https:\/\/todaynews24campania.it\/index.php?rest_route=\/wp\/v2\/posts\/23750\/revisions"}],"predecessor-version":[{"id":23752,"href":"https:\/\/todaynews24campania.it\/index.php?rest_route=\/wp\/v2\/posts\/23750\/revisions\/23752"}],"wp:featuredmedia":[{"embeddable":true,"href":"https:\/\/todaynews24campania.it\/index.php?rest_route=\/wp\/v2\/media\/23751"}],"wp:attachment":[{"href":"https:\/\/todaynews24campania.it\/index.php?rest_route=%2Fwp%2Fv2%2Fmedia&parent=23750"}],"wp:term":[{"taxonomy":"category","embeddable":true,"href":"https:\/\/todaynews24campania.it\/index.php?rest_route=%2Fwp%2Fv2%2Fcategories&post=23750"},{"taxonomy":"post_tag","embeddable":true,"href":"https:\/\/todaynews24campania.it\/index.php?rest_route=%2Fwp%2Fv2%2Ftags&post=23750"}],"curies":[{"name":"wp","href":"https:\/\/api.w.org\/{rel}","templated":true}]}}