{"id":23498,"date":"2021-12-14T22:27:55","date_gmt":"2021-12-14T21:27:55","guid":{"rendered":"http:\/\/todaynews24campania.it\/?p=23498"},"modified":"2021-12-17T13:19:11","modified_gmt":"2021-12-17T12:19:11","slug":"avellino-in-passato-ha-chiuso-gli-occhi-isochimica-docet-ora-basta","status":"publish","type":"post","link":"https:\/\/todaynews24campania.it\/?p=23498","title":{"rendered":"&#8220;Avellino in passato ha chiuso gli occhi, Isochimica docet: ora basta&#8221;"},"content":{"rendered":"<p>&#8220;Avellino in passato ha chiuso gli occhi, Isochimica docet: ora basta\u201d. Con lo stile di sempre, ma anche con carisma e fermezza, Vescovo Arturo oggi pomeriggio ha fatto sentire forte la sua voce sullo scottante tema dell\u2019ambiente. Monsignor Aiello \u00e8 intervenuto alla cerimonia di presentazione della comunit\u00e0 locale trasformativa \u201cLaudato S\u00ec\u201d di San Ciro, promossa dalla parrocchia di San Ciro e dalla diocesi di Avellino, la cui mission \u00e8 quella di promuovere un vero e proprio patto di comunit\u00e0 in dialogo con enti ed istituzioni sulla cura della casa comune.<\/p>\n<div>\n<p>Ovviamente intenso l\u2019intervento del Vescovo. \u201cSpero che questa comunit\u00e0 \u2013 ha detto \u2013 non sia l\u2019ennesima sigla vuota: citt\u00e0 e diocesi sono stracolme di associazioni vuote, scatole vuote. Ricordiamo sempre che l\u2019ambiente e la terra sono di Dio, la terra non appartiene a nessuno, l\u2019uomo ne \u00e8 solo custode e contadino. La terra non \u00e8 nostra. In passato, ad Avellino, nel nome del lavoro, sono stati fatti troppi sacrifici, si \u00e8 preferito chiudere gli occhi per far insediare una fabbrica che ha poi provocato tanto dolore\u201d.<\/p>\n<p>La dichiarazione fondativa della comunit\u00e0 \u00e8 stata sottoscritta dallo stesso Vescovo, da Don Luciano Gubitosa e Don Antonio Fucci (parroco e vicario parrocchiale di S. Ciro), Carlo Mele (Caritas diocesana di Avellino, delegato Caritas regionale), Don Emilio Carbone (direttore pastorale sociale e custodia del Creato), Maria Grazia Bongarzone (Madri Canossiane \u2013 Provincia d\u2019Italia), Maria Busti (Universit\u00e0 per la pace delle Marche), Mirella Napodano (Aps Amica Sofia), Anna Maria Pascale (Comitato Acqua Bene Comune \u2013 Aspettando Godot), Anna Catapano (Soc. Coop Generazioni Future), Giovanni De Feo (progetto Greenopoli), Ilenia D\u2019Oria (Archeoclub Avellino), Lorenzo Savignano (neuropschiatra), Salvatore Esposito (psicologo di comunit\u00e0).<\/p>\n<p>\u201cAbbiamo sentito questa esigenza a sei anni dalla pubblicazione dell\u2019enciclica Laudato S\u00ec, straordinario grido di allarme sulle ferite del pianeta e sull\u2019urgenza di un\u2019ecologia integrale. Ci sembra evidente la necessit\u00e0 di approcciare in maniera olistica la questione ambientale, per dare nuovi orizzonti al significato di economia\u201d, afferma Mirella Napodano.<\/p>\n<p>\u201cCi definiamo trasformativi perch\u00e9 vogliamo promuovere la nuova economia fondata sull\u2019estensione del ciclo dei prodotti industriali, attraverso il loro riciclo e riutilizzo. Vogliamo entrare nel merito dei problemi del territorio \u2013 prosegue Napodano \u2013 . In Irpinia affronteremo sicuramente l\u2019emergenza ambientale della Valle del Sabato, ovviamente con l\u2019ausilio di esperti. Vogliamo creare poi dei singoli tavoli di lavoro su diversi temi, non solo sull\u2019ambiente. Pensiamo alla cultura, all\u2019arte, alla scuola. Il nostro \u00e8 un progetto work in progress, aperto a tutti\u201d.<\/p>\n<p>Al fianco di Mirella Napodano, fin dal primo momento, Ilenia D\u2019Oria, presidente di Archeoclub Avellino. \u201cNoi abbiamo una visione della cultura molto ampia. Per cultura, infatti, intendiamo l\u2019essenza dell\u2019uomo in quanto tale. Ci vogliamo e dobbiamo essere per salvaguardare il nostro pianeta, per diffondere pace e bellezza e per fare rete con tutte le realt\u00e0 del territorio\u201d.<\/p>\n<\/div>\n","protected":false},"excerpt":{"rendered":"<p>&#8220;Avellino in passato ha chiuso gli occhi, Isochimica docet: ora basta\u201d. Con lo stile di sempre, ma anche con carisma e fermezza, Vescovo Arturo oggi pomeriggio ha fatto sentire forte la sua voce sullo scottante tema dell\u2019ambiente. Monsignor Aiello \u00e8 intervenuto alla cerimonia di presentazione della comunit\u00e0 locale trasformativa \u201cLaudato S\u00ec\u201d di San Ciro, promossa &hellip;<\/p>\n","protected":false},"author":1,"featured_media":23499,"comment_status":"open","ping_status":"open","sticky":false,"template":"","format":"standard","meta":{"footnotes":""},"categories":[89],"tags":[],"class_list":["post-23498","post","type-post","status-publish","format-standard","has-post-thumbnail","hentry","category-attualitaav"],"aioseo_notices":[],"_links":{"self":[{"href":"https:\/\/todaynews24campania.it\/index.php?rest_route=\/wp\/v2\/posts\/23498","targetHints":{"allow":["GET"]}}],"collection":[{"href":"https:\/\/todaynews24campania.it\/index.php?rest_route=\/wp\/v2\/posts"}],"about":[{"href":"https:\/\/todaynews24campania.it\/index.php?rest_route=\/wp\/v2\/types\/post"}],"author":[{"embeddable":true,"href":"https:\/\/todaynews24campania.it\/index.php?rest_route=\/wp\/v2\/users\/1"}],"replies":[{"embeddable":true,"href":"https:\/\/todaynews24campania.it\/index.php?rest_route=%2Fwp%2Fv2%2Fcomments&post=23498"}],"version-history":[{"count":1,"href":"https:\/\/todaynews24campania.it\/index.php?rest_route=\/wp\/v2\/posts\/23498\/revisions"}],"predecessor-version":[{"id":23709,"href":"https:\/\/todaynews24campania.it\/index.php?rest_route=\/wp\/v2\/posts\/23498\/revisions\/23709"}],"wp:featuredmedia":[{"embeddable":true,"href":"https:\/\/todaynews24campania.it\/index.php?rest_route=\/wp\/v2\/media\/23499"}],"wp:attachment":[{"href":"https:\/\/todaynews24campania.it\/index.php?rest_route=%2Fwp%2Fv2%2Fmedia&parent=23498"}],"wp:term":[{"taxonomy":"category","embeddable":true,"href":"https:\/\/todaynews24campania.it\/index.php?rest_route=%2Fwp%2Fv2%2Fcategories&post=23498"},{"taxonomy":"post_tag","embeddable":true,"href":"https:\/\/todaynews24campania.it\/index.php?rest_route=%2Fwp%2Fv2%2Ftags&post=23498"}],"curies":[{"name":"wp","href":"https:\/\/api.w.org\/{rel}","templated":true}]}}