{"id":22370,"date":"2021-12-03T01:30:03","date_gmt":"2021-12-03T00:30:03","guid":{"rendered":"http:\/\/todaynews24campania.it\/?p=22370"},"modified":"2023-11-29T12:57:55","modified_gmt":"2023-11-29T11:57:55","slug":"luci-dartista-2021-a-salerno-inaugurazione-opere-durata-parcheggi","status":"publish","type":"post","link":"https:\/\/todaynews24campania.it\/?p=22370","title":{"rendered":"Luci d&#8217;Artista 2021 a Salerno: inaugurazione, opere, durata, parcheggi"},"content":{"rendered":"<p>Luci d\u2019Artista 2021,&nbsp;tutto quello che c\u2019\u00e8 da sapere sulla kermesse natalizia di&nbsp;Salerno: data inaugurazione, opere, albero, mobilit\u00e0&nbsp;e&nbsp;parcheggi.&nbsp;Si illumineranno venerd\u00ec 3 dicembre, alle ore 16.30, le Luci d\u2019Artista. Torna anche quest\u2019anno, nel pieno rispetto delle norme di contenimento del Covid, la meravigliosa esposizione di opere d\u2019arte luminosa en plein air.<\/p>\n<div>\n<hr>\n<p><img decoding=\"async\" data-src=\"https:\/\/salerno.occhionotizie.it\/wp-content\/uploads\/sites\/2\/2021\/12\/a.jpg\" class=\"aligncenter size-full wp-image-300882 lazyload\" alt=\"luci-artista-2021-salerno-info-inaugurazione-opere-duarata-parcheggi-green-pass\" width=\"800\" height=\"1009\" src=\"data:image\/svg+xml;base64,PHN2ZyB3aWR0aD0iMSIgaGVpZ2h0PSIxIiB4bWxucz0iaHR0cDovL3d3dy53My5vcmcvMjAwMC9zdmciPjwvc3ZnPg==\" style=\"--smush-placeholder-width: 800px; --smush-placeholder-aspect-ratio: 800\/1009;\"><\/p>\n<hr>\n<h2><strong>Luci d\u2019Artista 2021 a Salerno: data di inaugurazione<\/strong><\/h2>\n<p>Lo svolgimento dell\u2019evento <strong>rappresenta<\/strong> un segnale di speranza di futuro per contribuire alla ripartenza <strong>dell\u2019economia<\/strong> del <strong>commercio<\/strong> e del <strong>turismo<\/strong>. Le opere luminose verranno accese venerd\u00ec 3 dicembre alle 16.30 e resteranno accese fino al<strong> 23 gennaio 2022<\/strong>.<\/p>\n<hr>\n<p style=\"text-align: center\"><strong><a href=\"http:\/\/www.comune.salerno.it\/allegati\/32367.pdf\" target=\"_blank\" rel=\"noopener\">IL PROGETTO COMPLETO<\/a><\/strong><\/p>\n<hr>\n<h2>Le opere<\/h2>\n<p>Il Progetto per la XVI Edizione di \u201cSalerno \u2013 <a href=\"https:\/\/salerno.occhionotizie.it\/tag\/luci-dartista\/\" target=\"_blank\" rel=\"noopener\">Luci d\u2019Artista<\/a>\u201d interesser\u00e0 prevalentemente le piazze principali della Citt\u00e0 e i luoghi storici della manifestazione, nonch\u00e9 le direttrici principali veicolari e pedonali. In particolare l\u2019evento interesser\u00e0:<\/p>\n<ul>\n<li><strong>Piazza Portanova<\/strong>: ospiter\u00e0 l\u2019attrazione principale, l\u2019Albero.<\/li>\n<li><strong>Piazza Flavio Gioia:<\/strong> verr\u00e0 proposto l\u2019allestimento \u201cL\u2019Albero fiorito\u201d.<\/li>\n<li><strong>Villa Comunale<\/strong>: verranno installate n.3 opere rappresentanti figure mitologiche: \u201cPegaso, Unicorno e Fenice\u201d.<\/li>\n<li><strong>Piazza Vittorio Veneto<\/strong>: verr\u00e0 installata l\u2019opera denominata \u201cBabbo Natale Gigante\u201d.<\/li>\n<li><strong>Piazza Caduti di Brescia<\/strong>: verr\u00e0 installata l\u2019opera denominata \u201cCappello di Babbo Natale\u201d.<\/li>\n<li><strong>Piazza Mons. Grasso<\/strong>: verr\u00e0 installata l\u2019opera denominata \u201cAlbero con stelle e luci\u201d.<\/li>\n<li><strong>Piazza G. C. Gloriosi<\/strong>: verr\u00e0 installata l\u2019opera denominata \u201cScarpa\u201d<\/li>\n<li><strong>Vie principali veicolari e pedonali<\/strong>: saranno installate varie strutture luminose, meglio dettagliate in seguito.<\/li>\n<\/ul>\n<hr>\n<p><img decoding=\"async\" data-src=\"https:\/\/salerno.occhionotizie.it\/wp-content\/uploads\/sites\/2\/2021\/12\/3.jpg\" class=\"aligncenter size-full wp-image-300880 lazyload\" alt=\"luci-artista-2021-salerno-info-inaugurazione-opere-duarata-parcheggi-green-pass\" width=\"800\" height=\"828\" src=\"data:image\/svg+xml;base64,PHN2ZyB3aWR0aD0iMSIgaGVpZ2h0PSIxIiB4bWxucz0iaHR0cDovL3d3dy53My5vcmcvMjAwMC9zdmciPjwvc3ZnPg==\" style=\"--smush-placeholder-width: 800px; --smush-placeholder-aspect-ratio: 800\/828;\"><\/p>\n<hr>\n<h2>Luci d\u2019Artista: dove parcheggiare<\/h2>\n<p>Il Comune di Salerno, per l\u2019edizione 20212\/2022 di&nbsp;<strong>Luci d\u2019Artista,&nbsp;<\/strong>ha redatto un dettagliato&nbsp;<strong>piano traffico<\/strong>, con informazioni relative ai&nbsp;<strong>parcheggi&nbsp;<\/strong>per turisti provenienti da altre province e regioni.<\/p>\n<hr>\n<p style=\"text-align: center\"><strong><a href=\"http:\/\/www.comune.salerno.it\/allegati\/32387.pdf\" target=\"_blank\" rel=\"noopener\">Clicca qui per consultare il documento<\/a><\/strong><\/p>\n<hr>\n<h2>Quando vengono accese le Luci d\u2019Artista a Salerno?<\/h2>\n<p>Inaugurazione Luci D\u2019Artista il 3 dicembre 2021 con accessi contingentati dei bus, conta persone e sensi unici pedonali.<\/p>\n<h2>Dove si trovano le luci di Salerno?<\/h2>\n<p>La visita a Luci d\u2019Artista Salerno \u00e8 libera e gratuita. Il <strong>Centro<\/strong> <strong>Storico<\/strong> si trova a ridosso della Stazione ferroviaria Centrale ben servita dai treni regionali e dall\u2019Alta Velocit\u00e0.<\/p>\n<h2>Cosa fare a Natale a Salerno?<\/h2>\n<p>Le <strong>luminarie<\/strong> a <strong>Salerno<\/strong> stupiscono ogni anno con effetti speciali: tra le novit\u00e0 pi\u00f9 recenti c\u2019\u00e8 la grande Ruota Panoramica alta 50 metri in <strong>Piazza della Concordia<\/strong>: un\u2019attrazione irresistibile per grandi e piccini e un\u2019occasione imperdibile per ammirare dall\u2019alto la citt\u00e0 di Salerno e le sue luminarie natalizie.<\/p>\n<\/div>\n","protected":false},"excerpt":{"rendered":"<p>Luci d\u2019Artista 2021,&nbsp;tutto quello che c\u2019\u00e8 da sapere sulla kermesse natalizia di&nbsp;Salerno: data inaugurazione, opere, albero, mobilit\u00e0&nbsp;e&nbsp;parcheggi.&nbsp;Si illumineranno venerd\u00ec 3 dicembre, alle ore 16.30, le Luci d\u2019Artista. Torna anche quest\u2019anno, nel pieno rispetto delle norme di contenimento del Covid, la meravigliosa esposizione di opere d\u2019arte luminosa en plein air. Luci d\u2019Artista 2021 a Salerno: data &hellip;<\/p>\n","protected":false},"author":1,"featured_media":22371,"comment_status":"closed","ping_status":"open","sticky":false,"template":"","format":"standard","meta":{"footnotes":""},"categories":[121],"tags":[],"class_list":["post-22370","post","type-post","status-publish","format-standard","has-post-thumbnail","hentry","category-eventi"],"aioseo_notices":[],"_links":{"self":[{"href":"https:\/\/todaynews24campania.it\/index.php?rest_route=\/wp\/v2\/posts\/22370","targetHints":{"allow":["GET"]}}],"collection":[{"href":"https:\/\/todaynews24campania.it\/index.php?rest_route=\/wp\/v2\/posts"}],"about":[{"href":"https:\/\/todaynews24campania.it\/index.php?rest_route=\/wp\/v2\/types\/post"}],"author":[{"embeddable":true,"href":"https:\/\/todaynews24campania.it\/index.php?rest_route=\/wp\/v2\/users\/1"}],"replies":[{"embeddable":true,"href":"https:\/\/todaynews24campania.it\/index.php?rest_route=%2Fwp%2Fv2%2Fcomments&post=22370"}],"version-history":[{"count":1,"href":"https:\/\/todaynews24campania.it\/index.php?rest_route=\/wp\/v2\/posts\/22370\/revisions"}],"predecessor-version":[{"id":22386,"href":"https:\/\/todaynews24campania.it\/index.php?rest_route=\/wp\/v2\/posts\/22370\/revisions\/22386"}],"wp:featuredmedia":[{"embeddable":true,"href":"https:\/\/todaynews24campania.it\/index.php?rest_route=\/wp\/v2\/media\/22371"}],"wp:attachment":[{"href":"https:\/\/todaynews24campania.it\/index.php?rest_route=%2Fwp%2Fv2%2Fmedia&parent=22370"}],"wp:term":[{"taxonomy":"category","embeddable":true,"href":"https:\/\/todaynews24campania.it\/index.php?rest_route=%2Fwp%2Fv2%2Fcategories&post=22370"},{"taxonomy":"post_tag","embeddable":true,"href":"https:\/\/todaynews24campania.it\/index.php?rest_route=%2Fwp%2Fv2%2Ftags&post=22370"}],"curies":[{"name":"wp","href":"https:\/\/api.w.org\/{rel}","templated":true}]}}