{"id":19940,"date":"2021-11-05T06:33:57","date_gmt":"2021-11-05T05:33:57","guid":{"rendered":"http:\/\/todaynews24campania.it\/?p=19940"},"modified":"2021-11-05T06:33:59","modified_gmt":"2021-11-05T05:33:59","slug":"benevento-scelti-gli-8-capigruppo-di-maggioranza","status":"publish","type":"post","link":"https:\/\/todaynews24campania.it\/?p=19940","title":{"rendered":"Benevento, scelti gli 8 capigruppo di maggioranza"},"content":{"rendered":"<p>Nel corso di un incontro a Palazzo Mosti, tra il sindaco di Benevento, Clemente Mastella, gli assessori e i consiglieri di maggioranza, sono stati designati gli 8 capigruppo, scelti dai componenti delle rispettive liste di appartenenza.&nbsp;<\/p>\n<div>\n<p>Si tratta di <strong>Alfredo Martignetti<\/strong> per \u201cNoi Sanniti\u201d; <strong>Gerardo Giorgione<\/strong> per \u201cLista Mastella\u201d; &nbsp;<strong>Marcello Palladino<\/strong> per \u201cNoi Campani\u201d; <strong>Antonio Capuano<\/strong> per \u201cInsieme per Benevento\u201d; <strong>Giovanni Zanone<\/strong> per \u201cMeglio Noi\u201d; <strong>Adele De Mercurio<\/strong> per \u201cEssere Democratici\u201d; <strong>Luigi Scarinzi<\/strong> per \u201cSannio Libero; e <strong>Annalisa Tomaciello<\/strong>, che subentrer\u00e0 in Consiglio, a seguito delle dimissioni di <strong>Oberdan Picucci<\/strong>, formalizzate oggi, per \u201cBenevento Bellissima\u201d.<\/p>\n<p>Il sindaco Mastella, la Giunta e i consiglieri di maggioranza hanno voluto ringraziare Oberdan Picucci, senza entrare nel merito delle motivazioni che lo hanno spinto a rassegnare le dimissioni, per l\u2019ottimo contributo elettorale dato all\u2019intera squadra.<\/p>\n<p>Durante la riunione, infine, all\u2019unanimit\u00e0 di tutti i consiglieri eletti si \u00e8 deciso di individuare nella persona di <strong>Renato Parente<\/strong> il futuro presidente del Consiglio comunale, la cui formale investitura avverr\u00e0 con la votazione che si terr\u00e0 durante il primo consiglio comunale in programma il prossimo luned\u00ec 8 novembre.<\/p>\n<\/div>\n","protected":false},"excerpt":{"rendered":"<p>Nel corso di un incontro a Palazzo Mosti, tra il sindaco di Benevento, Clemente Mastella, gli assessori e i consiglieri di maggioranza, sono stati designati gli 8 capigruppo, scelti dai componenti delle rispettive liste di appartenenza.&nbsp; Si tratta di Alfredo Martignetti per \u201cNoi Sanniti\u201d; Gerardo Giorgione per \u201cLista Mastella\u201d; &nbsp;Marcello Palladino per \u201cNoi Campani\u201d; Antonio &hellip;<\/p>\n","protected":false},"author":1,"featured_media":19941,"comment_status":"open","ping_status":"open","sticky":false,"template":"","format":"standard","meta":{"footnotes":""},"categories":[67],"tags":[],"class_list":["post-19940","post","type-post","status-publish","format-standard","has-post-thumbnail","hentry","category-politica-benevento"],"aioseo_notices":[],"_links":{"self":[{"href":"https:\/\/todaynews24campania.it\/index.php?rest_route=\/wp\/v2\/posts\/19940","targetHints":{"allow":["GET"]}}],"collection":[{"href":"https:\/\/todaynews24campania.it\/index.php?rest_route=\/wp\/v2\/posts"}],"about":[{"href":"https:\/\/todaynews24campania.it\/index.php?rest_route=\/wp\/v2\/types\/post"}],"author":[{"embeddable":true,"href":"https:\/\/todaynews24campania.it\/index.php?rest_route=\/wp\/v2\/users\/1"}],"replies":[{"embeddable":true,"href":"https:\/\/todaynews24campania.it\/index.php?rest_route=%2Fwp%2Fv2%2Fcomments&post=19940"}],"version-history":[{"count":1,"href":"https:\/\/todaynews24campania.it\/index.php?rest_route=\/wp\/v2\/posts\/19940\/revisions"}],"predecessor-version":[{"id":19984,"href":"https:\/\/todaynews24campania.it\/index.php?rest_route=\/wp\/v2\/posts\/19940\/revisions\/19984"}],"wp:featuredmedia":[{"embeddable":true,"href":"https:\/\/todaynews24campania.it\/index.php?rest_route=\/wp\/v2\/media\/19941"}],"wp:attachment":[{"href":"https:\/\/todaynews24campania.it\/index.php?rest_route=%2Fwp%2Fv2%2Fmedia&parent=19940"}],"wp:term":[{"taxonomy":"category","embeddable":true,"href":"https:\/\/todaynews24campania.it\/index.php?rest_route=%2Fwp%2Fv2%2Fcategories&post=19940"},{"taxonomy":"post_tag","embeddable":true,"href":"https:\/\/todaynews24campania.it\/index.php?rest_route=%2Fwp%2Fv2%2Ftags&post=19940"}],"curies":[{"name":"wp","href":"https:\/\/api.w.org\/{rel}","templated":true}]}}