{"id":19336,"date":"2021-10-29T10:30:48","date_gmt":"2021-10-29T08:30:48","guid":{"rendered":"http:\/\/todaynews24campania.it\/?p=19336"},"modified":"2021-10-29T10:38:12","modified_gmt":"2021-10-29T08:38:12","slug":"il-garante-dei-disabili-avv-paolo-colombo-bene-lapprovazione-del-disegno-di-legge-delega-sulla-disabilita","status":"publish","type":"post","link":"https:\/\/todaynews24campania.it\/?p=19336","title":{"rendered":"Il Garante dei disabili, avv. Paolo Colombo: \u201cBene l\u2019approvazione del Disegno di Legge delega sulla disabilit\u00e0\u201d"},"content":{"rendered":"<p>Il Garante dei diritti delle persone con disabilit\u00e0 della Regione Campania, l\u2019avv. Paolo Colombo, con grande soddisfazione rende noto che il Ministro del Lavoro, Andrea Orlando, ha proposto di presentare, in sede di conversione del decreto fiscale, un emendamento che ripristiner\u00e0 la situazione precedente per l\u2019erogazione dell\u2019assegno di invalidit\u00e0 ai disabili. Le persone diversamente abili potranno nuovamente beneficiare dell\u2019assegno svolgendo un\u2019attivit\u00e0 lavorativa che non determini il superamento del limite di reddito previsto dall\u2019attuale normativa.<\/p>\n<p>Inoltre, il Garante comunica che \u00e8 stato pubblicato il Disegno di Legge di delega all\u2019esecutivo in materia di disabilit\u00e0, approvato dal Consiglio dei Ministri. Nasce il Garante nazionale delle disabilit\u00e0: dovr\u00e0 occuparsi di raccogliere le istanze e fornire adeguata assistenza alle persone che subiscono violazioni dei propri diritti. Dovr\u00e0 inoltre formulare raccomandazioni e pareri alle amministrazioni interessate sulle segnalazioni raccolte, anche in relazione a specifiche situazioni e nei confronti di singoli enti, e promuovere campagne di sensibilizzazione e di comunicazione per una cultura del rispetto dei diritti delle persone.<\/p>\n<div>\n<p style=\"text-align: justify\">Il provvedimento, che si compone di quattro articoli ed attua la missione 5 del Pnrr, \u201cInclusione e Coesione\u201d, conferisce al Governo la delega legislativa per la riforma della normativa sulla disabilit\u00e0 da esercitarsi, attraverso l\u2019emanazione di uno o pi\u00f9 decreti legislativi, entro 20 mesi dall\u2019entrata in vigore della legge . L\u2019obiettivo \u00e8 procedere al riassetto delle disposizioni, in conformit\u00e0 alla Convenzione Onu sui diritti delle persone con disabilit\u00e0 del 13 dicembre 2006 e alla Strategia per i diritti delle persone con disabilit\u00e0 2021-2030 della Commissione Europea del 3 marzo 2021.<\/p>\n<p style=\"text-align: justify\">Sono definiti gli ambiti di intervento della delega al Governo. Tra questi, la definizione della condizione di disabilit\u00e0, riassetto e semplificazione della normativa di settore, ma anche l\u2019accertamento della condizione di disabilit\u00e0 e revisione dei suoi processi valutativi di base. Su questo ultimo aspetto, l\u2019esecutivo \u00e8 delegato ad aggiornare, con decreto del Ministro della salute le tabelle delle percentuali degli stati invalidanti, attualmente disciplinate dal decreto del Ministro della sanit\u00e0 5 febbraio 1992.<\/p>\n<p style=\"text-align: justify\">Non solo: \u00e8 prevista la delega a conferire a un unico soggetto pubblico l\u2019esclusiva competenza medico legale sui processi valutativi di base, cos\u00ec da uniformare sul territorio gli aspetti organizzativi e procedurali, riducendo il contenzioso.<\/p>\n<p style=\"text-align: justify\">Infine, \u00e8 prevista la delega a prevedere procedimenti semplificati e trasparenti di riesame delle condizioni di disabilit\u00e0 a tutela dei diritti del cittadino e di chi lo rappresenta; e a prevedere un adeguamento del sistema di controlli sulla effettiva permanenza e sussistenza dello stato invalidante.<\/p>\n<p style=\"text-align: justify\">\u201cMolto bene queste novit\u00e0 normative \u2013 dichiara il Garante dei disabili, l\u2019Avv. Paolo Colombo \u2013. Occorre ora prestare attenzione ai decreti normativi\u201d.<\/p>\n<\/div>\n","protected":false},"excerpt":{"rendered":"<p>Il Garante dei diritti delle persone con disabilit\u00e0 della Regione Campania, l\u2019avv. Paolo Colombo, con grande soddisfazione rende noto che il Ministro del Lavoro, Andrea Orlando, ha proposto di presentare, in sede di conversione del decreto fiscale, un emendamento che ripristiner\u00e0 la situazione precedente per l\u2019erogazione dell\u2019assegno di invalidit\u00e0 ai disabili. Le persone diversamente abili &hellip;<\/p>\n","protected":false},"author":1,"featured_media":19337,"comment_status":"open","ping_status":"open","sticky":false,"template":"","format":"standard","meta":{"footnotes":""},"categories":[133],"tags":[],"class_list":["post-19336","post","type-post","status-publish","format-standard","has-post-thumbnail","hentry","category-campania"],"aioseo_notices":[],"_links":{"self":[{"href":"https:\/\/todaynews24campania.it\/index.php?rest_route=\/wp\/v2\/posts\/19336","targetHints":{"allow":["GET"]}}],"collection":[{"href":"https:\/\/todaynews24campania.it\/index.php?rest_route=\/wp\/v2\/posts"}],"about":[{"href":"https:\/\/todaynews24campania.it\/index.php?rest_route=\/wp\/v2\/types\/post"}],"author":[{"embeddable":true,"href":"https:\/\/todaynews24campania.it\/index.php?rest_route=\/wp\/v2\/users\/1"}],"replies":[{"embeddable":true,"href":"https:\/\/todaynews24campania.it\/index.php?rest_route=%2Fwp%2Fv2%2Fcomments&post=19336"}],"version-history":[{"count":1,"href":"https:\/\/todaynews24campania.it\/index.php?rest_route=\/wp\/v2\/posts\/19336\/revisions"}],"predecessor-version":[{"id":19338,"href":"https:\/\/todaynews24campania.it\/index.php?rest_route=\/wp\/v2\/posts\/19336\/revisions\/19338"}],"wp:featuredmedia":[{"embeddable":true,"href":"https:\/\/todaynews24campania.it\/index.php?rest_route=\/wp\/v2\/media\/19337"}],"wp:attachment":[{"href":"https:\/\/todaynews24campania.it\/index.php?rest_route=%2Fwp%2Fv2%2Fmedia&parent=19336"}],"wp:term":[{"taxonomy":"category","embeddable":true,"href":"https:\/\/todaynews24campania.it\/index.php?rest_route=%2Fwp%2Fv2%2Fcategories&post=19336"},{"taxonomy":"post_tag","embeddable":true,"href":"https:\/\/todaynews24campania.it\/index.php?rest_route=%2Fwp%2Fv2%2Ftags&post=19336"}],"curies":[{"name":"wp","href":"https:\/\/api.w.org\/{rel}","templated":true}]}}