{"id":16339,"date":"2021-09-29T08:48:23","date_gmt":"2021-09-29T06:48:23","guid":{"rendered":"http:\/\/todaynews24campania.it\/?p=16339"},"modified":"2021-09-30T07:11:01","modified_gmt":"2021-09-30T05:11:01","slug":"non-ci-sono-i-soldi-per-il-funerale","status":"publish","type":"post","link":"https:\/\/todaynews24campania.it\/?p=16339","title":{"rendered":"non ci sono i soldi per il funerale"},"content":{"rendered":"<p>Un&nbsp;<strong>anziano&nbsp;<\/strong>\u00e8&nbsp;<strong>morto&nbsp;<\/strong>in casa ad&nbsp;<strong>Eboli<\/strong>, ma non ci sono i soldi per l\u2019<strong>agenzia funebre.&nbsp;<\/strong>\u00c8 stata la&nbsp;<strong>badante russa <\/strong>che assisteva il pensionato ebolitano a lanciare l\u2019allarme nella serata di luned\u00ec 27 settembre. Sul posto sono giunti i sanitari del 118 i quali non hanno potuto fare altro che constatare il decesso dell\u2019anziano.<\/p>\n<div id=\"the-post\">\n<div class=\"entry-content entry clearfix\">\n<p>Come riportato dall\u2019edizione odierna del quotidiano<em> La Citt\u00e0<\/em>, la badante sarebbe stata particolarmente esplicita nei confronti dei sanitari: \u201cNon&nbsp; <em>ci sono i soldi per il funerale\u201d.&nbsp;<\/em>Si \u00e8 cos\u00ec attivata la macchina della solidariet\u00e0: \u00e8 stato richiesto <a href=\"https:\/\/salerno.occhionotizie.it\/eboli-carabinieri-aggrediti-poste-via-ripa\/\" target=\"_blank\" rel=\"noopener\">l\u2019intervento della Polizia Municipale<\/a> che ha allertato i servizi sociali del Comune di Eboli.<\/p>\n<p>La legge prevede che il Comune si faccia carico delle spese per <span class=\"Fid_1 split\">la cerimonia funebre e la tumulazione. Intanto i condomini hanno chiesto che le operazioni vengano effettuate nel minor tempo possibile. <\/span><\/p>\n<\/div>\n<\/div>\n","protected":false},"excerpt":{"rendered":"<p>Un&nbsp;anziano&nbsp;\u00e8&nbsp;morto&nbsp;in casa ad&nbsp;Eboli, ma non ci sono i soldi per l\u2019agenzia funebre.&nbsp;\u00c8 stata la&nbsp;badante russa che assisteva il pensionato ebolitano a lanciare l\u2019allarme nella serata di luned\u00ec 27 settembre. Sul posto sono giunti i sanitari del 118 i quali non hanno potuto fare altro che constatare il decesso dell\u2019anziano. Come riportato dall\u2019edizione odierna del quotidiano &hellip;<\/p>\n","protected":false},"author":1,"featured_media":16340,"comment_status":"open","ping_status":"open","sticky":false,"template":"","format":"standard","meta":{"footnotes":""},"categories":[128],"tags":[],"class_list":["post-16339","post","type-post","status-publish","format-standard","has-post-thumbnail","hentry","category-cronaca-salerno"],"aioseo_notices":[],"_links":{"self":[{"href":"https:\/\/todaynews24campania.it\/index.php?rest_route=\/wp\/v2\/posts\/16339","targetHints":{"allow":["GET"]}}],"collection":[{"href":"https:\/\/todaynews24campania.it\/index.php?rest_route=\/wp\/v2\/posts"}],"about":[{"href":"https:\/\/todaynews24campania.it\/index.php?rest_route=\/wp\/v2\/types\/post"}],"author":[{"embeddable":true,"href":"https:\/\/todaynews24campania.it\/index.php?rest_route=\/wp\/v2\/users\/1"}],"replies":[{"embeddable":true,"href":"https:\/\/todaynews24campania.it\/index.php?rest_route=%2Fwp%2Fv2%2Fcomments&post=16339"}],"version-history":[{"count":1,"href":"https:\/\/todaynews24campania.it\/index.php?rest_route=\/wp\/v2\/posts\/16339\/revisions"}],"predecessor-version":[{"id":16408,"href":"https:\/\/todaynews24campania.it\/index.php?rest_route=\/wp\/v2\/posts\/16339\/revisions\/16408"}],"wp:featuredmedia":[{"embeddable":true,"href":"https:\/\/todaynews24campania.it\/index.php?rest_route=\/wp\/v2\/media\/16340"}],"wp:attachment":[{"href":"https:\/\/todaynews24campania.it\/index.php?rest_route=%2Fwp%2Fv2%2Fmedia&parent=16339"}],"wp:term":[{"taxonomy":"category","embeddable":true,"href":"https:\/\/todaynews24campania.it\/index.php?rest_route=%2Fwp%2Fv2%2Fcategories&post=16339"},{"taxonomy":"post_tag","embeddable":true,"href":"https:\/\/todaynews24campania.it\/index.php?rest_route=%2Fwp%2Fv2%2Ftags&post=16339"}],"curies":[{"name":"wp","href":"https:\/\/api.w.org\/{rel}","templated":true}]}}