{"id":16184,"date":"2021-09-27T23:59:33","date_gmt":"2021-09-27T21:59:33","guid":{"rendered":"http:\/\/todaynews24campania.it\/?p=16184"},"modified":"2021-10-05T15:38:16","modified_gmt":"2021-10-05T13:38:16","slug":"salerno-vandali-versano-olio-per-motori-a-piazza-della-liberta","status":"publish","type":"post","link":"https:\/\/todaynews24campania.it\/?p=16184","title":{"rendered":"Salerno, vandali versano olio per motori a Piazza della Libert\u00e0"},"content":{"rendered":"<div id=\"the-post\">\n<div class=\"entry-content entry clearfix\">\n<p>Ignoti hanno versato dell\u2019olio per motori lungo il corrimano della <strong>balaustra a piazza<\/strong> <strong>della Libert\u00e0.<\/strong> Lo rende noto il comune. Sono in corso le indagini per risalire all\u2019identit\u00e0 degli autori.<\/p>\n<p><em>\u201c\u00c8 stato perpetrato un grave atto vandalico in <strong>Piazza<\/strong> <strong>della<\/strong> <strong>Libert\u00e0<\/strong>. \u00c8 stato versato <strong>dell\u2019olio<\/strong> per motori lungo il corrimano della balaustra della passeggiata a mare. Una approfondita pulizia della <a href=\"https:\/\/salerno.occhionotizie.it\/crozza-imita-de-luca-commuove-piazza-liberta-salerno-video\/\">zona<\/a> vandalizzata \u00e8 stata gi\u00e0 svolta in queste ore. L\u2019amministrazione comunale sporger\u00e0 denuncia affinch\u00e9 le indagini permettano di individuare i responsabili. Si esprime ferma condanna dell\u2019atto vandalico che ha rischiato di danneggiare una piazza che ha subito conquistato l\u2019ammirazione e l\u2019entusiasmo di migliaia di concittadini e visitatori. Un episodio squallido che indigna la Salerno onesta ed amante del bello. <\/em><br \/>\n<em>Un atto vandalico fomentato probabilmente anche da una vergognosa e meschina campagna d\u2019odio alimentata da una sparuta minoranza di astiosi detrattori\u201d<\/em>, si legge nella nota diramata dall\u2019amministrazione comunale.<\/p>\n<\/div>\n<\/div>\n","protected":false},"excerpt":{"rendered":"<p>Ignoti hanno versato dell\u2019olio per motori lungo il corrimano della balaustra a piazza della Libert\u00e0. Lo rende noto il comune. Sono in corso le indagini per risalire all\u2019identit\u00e0 degli autori. \u201c\u00c8 stato perpetrato un grave atto vandalico in Piazza della Libert\u00e0. \u00c8 stato versato dell\u2019olio per motori lungo il corrimano della balaustra della passeggiata a &hellip;<\/p>\n","protected":false},"author":1,"featured_media":16185,"comment_status":"open","ping_status":"open","sticky":false,"template":"","format":"standard","meta":{"footnotes":""},"categories":[128],"tags":[],"class_list":["post-16184","post","type-post","status-publish","format-standard","has-post-thumbnail","hentry","category-cronaca-salerno"],"aioseo_notices":[],"_links":{"self":[{"href":"https:\/\/todaynews24campania.it\/index.php?rest_route=\/wp\/v2\/posts\/16184","targetHints":{"allow":["GET"]}}],"collection":[{"href":"https:\/\/todaynews24campania.it\/index.php?rest_route=\/wp\/v2\/posts"}],"about":[{"href":"https:\/\/todaynews24campania.it\/index.php?rest_route=\/wp\/v2\/types\/post"}],"author":[{"embeddable":true,"href":"https:\/\/todaynews24campania.it\/index.php?rest_route=\/wp\/v2\/users\/1"}],"replies":[{"embeddable":true,"href":"https:\/\/todaynews24campania.it\/index.php?rest_route=%2Fwp%2Fv2%2Fcomments&post=16184"}],"version-history":[{"count":1,"href":"https:\/\/todaynews24campania.it\/index.php?rest_route=\/wp\/v2\/posts\/16184\/revisions"}],"predecessor-version":[{"id":16219,"href":"https:\/\/todaynews24campania.it\/index.php?rest_route=\/wp\/v2\/posts\/16184\/revisions\/16219"}],"wp:featuredmedia":[{"embeddable":true,"href":"https:\/\/todaynews24campania.it\/index.php?rest_route=\/wp\/v2\/media\/16185"}],"wp:attachment":[{"href":"https:\/\/todaynews24campania.it\/index.php?rest_route=%2Fwp%2Fv2%2Fmedia&parent=16184"}],"wp:term":[{"taxonomy":"category","embeddable":true,"href":"https:\/\/todaynews24campania.it\/index.php?rest_route=%2Fwp%2Fv2%2Fcategories&post=16184"},{"taxonomy":"post_tag","embeddable":true,"href":"https:\/\/todaynews24campania.it\/index.php?rest_route=%2Fwp%2Fv2%2Ftags&post=16184"}],"curies":[{"name":"wp","href":"https:\/\/api.w.org\/{rel}","templated":true}]}}