{"id":15527,"date":"2021-09-21T02:26:23","date_gmt":"2021-09-21T00:26:23","guid":{"rendered":"http:\/\/todaynews24campania.it\/?p=15527"},"modified":"2021-09-21T07:57:34","modified_gmt":"2021-09-21T05:57:34","slug":"benevento-cittadella-turnover-per-la-strega","status":"publish","type":"post","link":"https:\/\/todaynews24campania.it\/?p=15527","title":{"rendered":"Benevento-Cittadella: turnover per la strega"},"content":{"rendered":"<p>Mister Caserta si prepara ad attuare un cospicuo turnover (assenti solo Pastina e Masciangelo, da verificare Letizia che&nbsp;per\u00f2&nbsp;\u00e8 convocato): spazio a Tello, Moncini, Brignola ed Elia, forse pure a Vogliacco, per Benevento-Cittadella si prevede una discreta cornice di pubblico anche se il giorno feriale e l\u2019orario pomeridiano non aiutano.<\/p>\n<div id=\"post-393661\">\n<div class=\"td-post-content td-pb-padding-side\">\n<p>Molto gettonata l\u2019iniziativa della societ\u00e0 che garantisce l\u2019ingresso gratuito agli Under 14 previa esibizione del biglietto del familiare accompagnatore maggiorenne (promozione fruibile solo nel giorno antecedente la gara presso i botteghini e quindi esaurita nella serata di&nbsp;oggi).<\/p>\n<\/div>\n<\/div>\n<p><span style=\"caret-color: rgb(13, 13, 13); color: rgb(13, 13, 13); font-family: Georgia, Times,\" times new roman serif font-size: font-style: normal font-variant-caps: font-weight: letter-spacing: orphans: auto text-align: start text-indent: text-transform: none white-space: widows: word-spacing: rgba background-color: rgb text-decoration: display: inline float:>Allo Stadio Vigorito si prospetta una battaglia sportiva di grande intensit\u00e0 e vigore. Ad arbitrare la contesa, oggi alle ore 18.00 nel primo turno infrasettimanale della stagione, sar\u00e0 il&nbsp;Signor Francesco Cosso della sezione di Reggio Calabria. Il resto dell&#8217;equipe arbitrale \u00e8 composta dal 1\u00b0 assistente, il Signor&nbsp;Della Croce di Rimini, il 2\u00b0 assistente&nbsp;il Signor&nbsp;D\u2019 Ascanio di Ancona e il Quarto Uomo, il signor Di Marco di Foligno.<\/span> <span style=\"caret-color: rgb(13, 13, 13); color: rgb(13, 13, 13); font-family: Georgia, Times,\" times new roman serif font-size: font-style: normal font-variant-caps: font-weight: letter-spacing: orphans: auto text-align: start text-indent: text-transform: none white-space: widows: word-spacing: rgba background-color: rgb text-decoration: display: inline float:>In sala V.A.R ecco il Signor Massimi di Ciampino (Roma) e l&#8217;aiuto V.A.R il Signor Giallatini di Roma 2.&nbsp;<\/span><\/p>\n<div id=\"post-393661\">\n<div class=\"td-post-content td-pb-padding-side\">\n<p>Gioved\u00ec partir\u00e0 anche la prevendita per la trasferta di sabato a Como. I posti disponibili per il settore ospiti dello stadio \u201cGiuseppe Sinigaglia\u201d sono soltanto 250 (la capienza ridotta al 50% dell\u2019intero impianto \u00e8 di 2750 rispetto ai 5500 ordinari).<\/p>\n<p>I tagliandi saranno in vendita&nbsp;esclusivamente&nbsp;online sul sito&nbsp;vivaticket.com&nbsp;e&nbsp;nei punti&nbsp;vendita abilitati&nbsp;Viva Ticket&nbsp;a partire dalle 14.00 di gioved\u00ec e fino alle ore 13.00 di sabato.<\/p>\n<p>Per quanto riguarda il settore ospiti (il costo del tagliando sar\u00e0 di 12 euro pi\u00f9 2 di diritti) i biglietti saranno acquistabili fino a venerd\u00ec alle ore 19.00.&nbsp; &nbsp;<\/p>\n<\/div>\n<footer>\n<div class=\"td-block-row td-post-next-prev\">\n<div class=\"td-block-span6 td-post-prev-post\">\n<div class=\"td-post-next-prev-content\"><span>Articolo precedente<\/span><a href=\"https:\/\/www.ntr24.tv\/2021\/09\/20\/sanita-pubblica-e-igiene-urbana-terzo-appuntamento-con-i-cittadini-del-candidato-tranfa\/\">Sanit\u00e0 Pubblica e Igiene Urbana, terzo appuntamento con i cittadini del candidato Tranfa<\/a><\/div>\n<\/div>\n<\/div>\n<p><span style=\"display: none\" itemprop=\"author\" itemscope=\"\" itemtype=\"https:\/\/schema.org\/Person\"><meta itemprop=\"name\" content=\"redazione\"><\/span><meta itemprop=\"datePublished\" content=\"2021-09-20T21:01:15+00:00\"><meta itemprop=\"dateModified\" content=\"2021-09-20T21:01:25+02:00\"><meta itemscope=\"\" itemprop=\"mainEntityOfPage\" itemtype=\"https:\/\/schema.org\/WebPage\" itemid=\"https:\/\/www.ntr24.tv\/2021\/09\/20\/benevento-cittadella-dal-1-tello-moncini-brignola-ed-elia\/\"><span style=\"display: none\" itemprop=\"publisher\" itemscope=\"\" itemtype=\"https:\/\/schema.org\/Organization\"><span style=\"display: none\" itemprop=\"logo\" itemscope=\"\" itemtype=\"https:\/\/schema.org\/ImageObject\"><meta itemprop=\"url\" content=\"https:\/\/www.ntr24.tv\/wp-content\/uploads\/2015\/05\/Logo-ntr24-grigio-98-con-informazione272x901.png\"><\/span><meta itemprop=\"name\" content=\"NTR24.TV - News su cronaca, politica, economia, sport, cultura nel Sannio\"><\/span><meta itemprop=\"headline \" content=\"Benevento-Cittadella: dal 1' Tello, Moncini, Brignola ed Elia\"><span style=\"display: none\" itemprop=\"image\" itemscope=\"\" itemtype=\"https:\/\/schema.org\/ImageObject\"><meta itemprop=\"url\" content=\"https:\/\/www.ntr24.tv\/wp-content\/uploads\/2020\/09\/stadio-video.jpg\"><meta itemprop=\"width\" content=\"640\"><meta itemprop=\"height\" content=\"360\"><\/span><\/p>\n<\/footer>\n<\/div>\n","protected":false},"excerpt":{"rendered":"<p>Mister Caserta si prepara ad attuare un cospicuo turnover (assenti solo Pastina e Masciangelo, da verificare Letizia che&nbsp;per\u00f2&nbsp;\u00e8 convocato): spazio a Tello, Moncini, Brignola ed Elia, forse pure a Vogliacco, per Benevento-Cittadella si prevede una discreta cornice di pubblico anche se il giorno feriale e l\u2019orario pomeridiano non aiutano. Molto gettonata l\u2019iniziativa della societ\u00e0 che &hellip;<\/p>\n","protected":false},"author":1,"featured_media":0,"comment_status":"open","ping_status":"open","sticky":false,"template":"","format":"standard","meta":{"footnotes":""},"categories":[65],"tags":[],"class_list":["post-15527","post","type-post","status-publish","format-standard","hentry","category-calcio-benevento"],"aioseo_notices":[],"_links":{"self":[{"href":"https:\/\/todaynews24campania.it\/index.php?rest_route=\/wp\/v2\/posts\/15527","targetHints":{"allow":["GET"]}}],"collection":[{"href":"https:\/\/todaynews24campania.it\/index.php?rest_route=\/wp\/v2\/posts"}],"about":[{"href":"https:\/\/todaynews24campania.it\/index.php?rest_route=\/wp\/v2\/types\/post"}],"author":[{"embeddable":true,"href":"https:\/\/todaynews24campania.it\/index.php?rest_route=\/wp\/v2\/users\/1"}],"replies":[{"embeddable":true,"href":"https:\/\/todaynews24campania.it\/index.php?rest_route=%2Fwp%2Fv2%2Fcomments&post=15527"}],"version-history":[{"count":2,"href":"https:\/\/todaynews24campania.it\/index.php?rest_route=\/wp\/v2\/posts\/15527\/revisions"}],"predecessor-version":[{"id":15547,"href":"https:\/\/todaynews24campania.it\/index.php?rest_route=\/wp\/v2\/posts\/15527\/revisions\/15547"}],"wp:attachment":[{"href":"https:\/\/todaynews24campania.it\/index.php?rest_route=%2Fwp%2Fv2%2Fmedia&parent=15527"}],"wp:term":[{"taxonomy":"category","embeddable":true,"href":"https:\/\/todaynews24campania.it\/index.php?rest_route=%2Fwp%2Fv2%2Fcategories&post=15527"},{"taxonomy":"post_tag","embeddable":true,"href":"https:\/\/todaynews24campania.it\/index.php?rest_route=%2Fwp%2Fv2%2Ftags&post=15527"}],"curies":[{"name":"wp","href":"https:\/\/api.w.org\/{rel}","templated":true}]}}