{"id":15355,"date":"2021-09-20T07:24:35","date_gmt":"2021-09-20T05:24:35","guid":{"rendered":"http:\/\/todaynews24campania.it\/?p=15355"},"modified":"2021-09-20T19:22:22","modified_gmt":"2021-09-20T17:22:22","slug":"settimana-europea-della-mobilita-benevento-non-aderisce","status":"publish","type":"post","link":"https:\/\/todaynews24campania.it\/?p=15355","title":{"rendered":"Settimana Europea della Mobilit\u00e0: Benevento non aderisce"},"content":{"rendered":"<p>Dal 16 al 22 settembre in tutta Europa si festeggia la Settimana Europea della Mobilit\u00e0, l\u2019evento \u00e8 promosso direttamente dalla Commissione Europea e ogni anno migliaia di citt\u00e0 europee celebrano la mobilit\u00e0 sostenibile lanciando un messaggio di cambiamento e rinnovamento dei nostri stili di vita. Lo slogan di questa edizione \u00e8 \u201cMobilit\u00e0 sostenibile\u2026e in salute\u201d un tema che rende omaggio alle difficolt\u00e0 che il mondo intero ha dovuto affrontare durante la pandemia di COVID-19 ed \u00e8 anche un invito a riflettere sulle opportunit\u00e0 di cambiamento derivanti da questa crisi sanitaria senza precedenti\u201d. Lo scrive in una nota Giovanni Picone, presidente del Club di Benevento degli Amici della Terra.<\/p>\n<div>\n<p>\u201cCome \u00e8 noto \u2013 spiega -, la Settimana Europea della Mobilit\u00e0 Sostenibile costituisce per la cittadinanza e per le amministrazioni locali un\u2019occasione e una vetrina irrinunciabile per attivarsi in un processo necessario, irrinunciabile e ormai avviato, di miglioramento della mobilit\u00e0 urbana e verso una sostenibilit\u00e0 ambientale unita alla crescita economica locale e alla qualit\u00e0 della vita delle citt\u00e0. Come suo solito, anche quest\u2019anno il Sindaco Mastella non ha ritenuto opportuno aderire e a differenza di molte altre citt\u00e0 di capoluogo, il Comune di Benevento non ha presentato nessuna adesione alla Settimana Europea. D\u2019altronde, l\u2019attuale Amministrazione comunale non ha mai mostrato interesse a promuovere una vera mobilit\u00e0 sostenibile, basti ricordare il fallimento del progetto sperimentale \u201cE-BIKE0\u201d, costato circa \u20ac 72.000,00, finanziato a met\u00e0 tra Comune di Benevento e Ministero dell\u2019Ambiente, e che prevedeva l\u2019utilizzo di 30 eco-bici a pedalata assistita per incentivare l\u2019uso di mezzi ecologici alternativi all\u2019auto privata, e contemporaneamente raccogliere i dati relativi all\u2019inquinamento atmosferico tramite dei sensori di cui le eco-bici sono dotate. Attualmente alcune di queste eco-bici sono scomparse, altre sono ubicate presso il megaparcheggio di via del Pomerio, e giacciono abbandonate in mezzo alla polvere, ormai in uno stato totale di deterioramento.<\/p>\n<p>Va ricordato che durante il question time del 28\/04 2017 l\u2019Assessore alla Mobilit\u00e0 \u2013 sottolinea Picone \u2013 annunci\u00f2 un nuovo utilizzo delle trenta eco-bici, cosa tutt\u2019oggi mai avvenuta. Ulteriore incoerenza amministrativa e politica \u00e8 la ridicola ordinanza sindacale n. 74 del 2021 con la quale il Sindaco Mastella vieta la circolazione dei monopattini elettrici all\u2019interno della Zona a Traffico Limitato (ZTL) del Centro Storico di Benevento, tutto ci\u00f2 in un periodo in cui molti Comuni mettono a disposizione dei fondi per incentivare la mobilit\u00e0 elettrica ed il mondo intero spinge verso la transizione ecologica. Alla luce di questa ordinanza, ci sembra paradossale che la Polizia Municipale debba impiegare le proprie risorse umane per sanzionare gli eventuali trasgressori, quanto nelle vicine piazze del Centro Storico (p. Risorgimento e p. Cardinal Pacca) regnano incontrastati i parcheggiatori abusivi, che attraverso la loro attivit\u00e0 illecita e parassitaria infastidiscono i numerosi cittadini che per sostare con il proprio mezzo di trasporto sono costretti a pagare l\u2019estorsione.<\/p>\n<p>In conclusione \u2013 conclude Picone -, bisogna prendere atto che a Benevento a differenza delle altre citt\u00e0 italiane ed europee la mobilit\u00e0 resta insostenibile\u201d.<\/p>\n<\/div>\n","protected":false},"excerpt":{"rendered":"<p>Dal 16 al 22 settembre in tutta Europa si festeggia la Settimana Europea della Mobilit\u00e0, l\u2019evento \u00e8 promosso direttamente dalla Commissione Europea e ogni anno migliaia di citt\u00e0 europee celebrano la mobilit\u00e0 sostenibile lanciando un messaggio di cambiamento e rinnovamento dei nostri stili di vita. Lo slogan di questa edizione \u00e8 \u201cMobilit\u00e0 sostenibile\u2026e in salute\u201d &hellip;<\/p>\n","protected":false},"author":1,"featured_media":15356,"comment_status":"open","ping_status":"open","sticky":false,"template":"","format":"standard","meta":{"footnotes":""},"categories":[69],"tags":[],"class_list":["post-15355","post","type-post","status-publish","format-standard","has-post-thumbnail","hentry","category-attualita-benevento"],"aioseo_notices":[],"_links":{"self":[{"href":"https:\/\/todaynews24campania.it\/index.php?rest_route=\/wp\/v2\/posts\/15355","targetHints":{"allow":["GET"]}}],"collection":[{"href":"https:\/\/todaynews24campania.it\/index.php?rest_route=\/wp\/v2\/posts"}],"about":[{"href":"https:\/\/todaynews24campania.it\/index.php?rest_route=\/wp\/v2\/types\/post"}],"author":[{"embeddable":true,"href":"https:\/\/todaynews24campania.it\/index.php?rest_route=\/wp\/v2\/users\/1"}],"replies":[{"embeddable":true,"href":"https:\/\/todaynews24campania.it\/index.php?rest_route=%2Fwp%2Fv2%2Fcomments&post=15355"}],"version-history":[{"count":1,"href":"https:\/\/todaynews24campania.it\/index.php?rest_route=\/wp\/v2\/posts\/15355\/revisions"}],"predecessor-version":[{"id":15396,"href":"https:\/\/todaynews24campania.it\/index.php?rest_route=\/wp\/v2\/posts\/15355\/revisions\/15396"}],"wp:featuredmedia":[{"embeddable":true,"href":"https:\/\/todaynews24campania.it\/index.php?rest_route=\/wp\/v2\/media\/15356"}],"wp:attachment":[{"href":"https:\/\/todaynews24campania.it\/index.php?rest_route=%2Fwp%2Fv2%2Fmedia&parent=15355"}],"wp:term":[{"taxonomy":"category","embeddable":true,"href":"https:\/\/todaynews24campania.it\/index.php?rest_route=%2Fwp%2Fv2%2Fcategories&post=15355"},{"taxonomy":"post_tag","embeddable":true,"href":"https:\/\/todaynews24campania.it\/index.php?rest_route=%2Fwp%2Fv2%2Ftags&post=15355"}],"curies":[{"name":"wp","href":"https:\/\/api.w.org\/{rel}","templated":true}]}}