{"id":139712,"date":"2025-07-25T17:16:47","date_gmt":"2025-07-25T15:16:47","guid":{"rendered":"https:\/\/todaynews24campania.it\/?p=139712"},"modified":"2025-07-25T17:16:48","modified_gmt":"2025-07-25T15:16:48","slug":"ivana-spagna-in-concerto-a-puglianello-appuntamento-venerdi-per-i-festeggiamenti-di-san-giacomo","status":"publish","type":"post","link":"https:\/\/todaynews24campania.it\/?p=139712","title":{"rendered":"Ivana Spagna in concerto a Puglianello: appuntamento venerd\u00ec per i festeggiamenti di San Giacomo"},"content":{"rendered":"\n<p class=\"wp-block-paragraph\">A Puglianello \u00e8 tutto pronto per un grande appuntamento musicale: venerd\u00ec 25 luglio, alle ore 22:00, Piazza Gabriele Pastore ospiter\u00e0 l\u2019esibizione di Ivana Spagna, una delle voci pi\u00f9 iconiche del panorama musicale italiano. La cantante, conosciuta per il suo timbro inconfondibile e per una carriera costellata di successi, sar\u00e0 protagonista di una serata all\u2019insegna della musica, delle emozioni e dei ricordi condivisi.<\/p>\n\n\n\n<p class=\"wp-block-paragraph\">L\u2019iniziativa \u00e8 promossa dal Comune di Puglianello con il supporto organizzativo della Pro Loco locale e rientra nel pi\u00f9 ampio cartellone degli eventi estivi che animano il paese. Il concerto rappresenta un\u2019occasione speciale per rivivere dal vivo i brani che hanno segnato la carriera dell\u2019artista, da successi internazionali come \u201cEasy Lady\u201d ai grandi classici italiani come \u201cGente Come Noi\u201d. Un repertorio variegato che attraversa epoche e stili, capace di coinvolgere sia il pubblico pi\u00f9 maturo che i pi\u00f9 giovani.<\/p>\n\n\n\n<p class=\"wp-block-paragraph\">Ivana Spagna porter\u00e0 in scena uno show energico e coinvolgente, arricchito da una presenza scenica carismatica e da un legame autentico con il pubblico. La piazza si trasformer\u00e0 in un grande spazio condiviso dove la musica far\u00e0 da ponte tra generazioni diverse, accomunate dalla passione per le melodie che hanno fatto la storia della musica leggera.<\/p>\n\n\n\n<p class=\"wp-block-paragraph\">L\u2019ingresso al concerto \u00e8 gratuito, offrendo cos\u00ec a cittadini, visitatori e turisti un\u2019opportunit\u00e0 imperdibile per vivere una serata speciale nel cuore di Puglianello, all\u2019insegna del divertimento, della partecipazione e della cultura musicale italiana.<\/p>\n","protected":false},"excerpt":{"rendered":"<p>A Puglianello \u00e8 tutto pronto per un grande appuntamento musicale: venerd\u00ec 25 luglio, alle ore 22:00, Piazza Gabriele Pastore ospiter\u00e0 l\u2019esibizione di Ivana Spagna, una delle voci pi\u00f9 iconiche del panorama musicale italiano. La cantante, conosciuta per il suo timbro inconfondibile e per una carriera costellata di successi, sar\u00e0 protagonista di una serata all\u2019insegna della &hellip;<\/p>\n","protected":false},"author":1,"featured_media":139713,"comment_status":"closed","ping_status":"open","sticky":false,"template":"","format":"standard","meta":{"footnotes":""},"categories":[69,123],"tags":[],"class_list":["post-139712","post","type-post","status-publish","format-standard","has-post-thumbnail","hentry","category-attualita-benevento","category-benevento"],"aioseo_notices":[],"aioseo_head":"\n\t\t<!-- All in One SEO 5.0.1.1 - aioseo.com -->\n\t<meta name=\"description\" content=\"A Puglianello \u00e8 tutto pronto per un grande appuntamento musicale: venerd\u00ec 25 luglio, alle ore 22:00, Piazza Gabriele Pastore ospiter\u00e0 l\u2019esibizione di Ivana Spagna, una delle voci pi\u00f9 iconiche del panorama musicale italiano. La cantante, conosciuta per il suo timbro inconfondibile e per una carriera costellata di successi, sar\u00e0 protagonista di una serata all\u2019insegna della\" \/>\n\t<meta name=\"robots\" content=\"max-image-preview:large\" \/>\n\t<meta name=\"author\" content=\"Eric\"\/>\n\t<link rel=\"canonical\" href=\"https:\/\/todaynews24campania.it\/?p=139712\" \/>\n\t<meta name=\"generator\" content=\"All in One SEO (AIOSEO) 5.0.1.1\" \/>\n\t\t<meta property=\"og:locale\" content=\"it_IT\" \/>\n\t\t<meta property=\"og:site_name\" content=\"Today News 24 Campania - L&#039;Informazione Indipendente\" \/>\n\t\t<meta property=\"og:type\" content=\"article\" \/>\n\t\t<meta property=\"og:title\" content=\"Ivana Spagna in concerto a Puglianello: appuntamento venerd\u00ec per i festeggiamenti di San Giacomo - Today News 24 Campania\" \/>\n\t\t<meta property=\"og:description\" content=\"A Puglianello \u00e8 tutto pronto per un grande appuntamento musicale: venerd\u00ec 25 luglio, alle ore 22:00, Piazza Gabriele Pastore ospiter\u00e0 l\u2019esibizione di Ivana Spagna, una delle voci pi\u00f9 iconiche del panorama musicale italiano. La cantante, conosciuta per il suo timbro inconfondibile e per una carriera costellata di successi, sar\u00e0 protagonista di una serata all\u2019insegna della\" \/>\n\t\t<meta property=\"og:url\" content=\"https:\/\/todaynews24campania.it\/?p=139712\" \/>\n\t\t<meta property=\"article:published_time\" content=\"2025-07-25T15:16:47+00:00\" \/>\n\t\t<meta property=\"article:modified_time\" content=\"2025-07-25T15:16:48+00:00\" \/>\n\t\t<meta name=\"twitter:card\" content=\"summary_large_image\" \/>\n\t\t<meta name=\"twitter:title\" content=\"Ivana Spagna in concerto a Puglianello: appuntamento venerd\u00ec per i festeggiamenti di San Giacomo - Today News 24 Campania\" \/>\n\t\t<meta name=\"twitter:description\" content=\"A Puglianello \u00e8 tutto pronto per un grande appuntamento musicale: venerd\u00ec 25 luglio, alle ore 22:00, Piazza Gabriele Pastore ospiter\u00e0 l\u2019esibizione di Ivana Spagna, una delle voci pi\u00f9 iconiche del panorama musicale italiano. La cantante, conosciuta per il suo timbro inconfondibile e per una carriera costellata di successi, sar\u00e0 protagonista di una serata all\u2019insegna della\" \/>\n\t\t<script type=\"application\/ld+json\" class=\"aioseo-schema\">\n\t\t\t{\"@context\":\"https:\\\/\\\/schema.org\",\"@graph\":[{\"@type\":\"BlogPosting\",\"@id\":\"https:\\\/\\\/todaynews24campania.it\\\/?p=139712#blogposting\",\"name\":\"Ivana Spagna in concerto a Puglianello: appuntamento venerd\\u00ec per i festeggiamenti di San Giacomo - Today News 24 Campania\",\"headline\":\"Ivana Spagna in concerto a Puglianello: appuntamento venerd\\u00ec per i festeggiamenti di San Giacomo\",\"author\":{\"@id\":\"https:\\\/\\\/todaynews24campania.it\\\/?author=1#author\"},\"publisher\":{\"@id\":\"https:\\\/\\\/todaynews24campania.it\\\/#organization\"},\"image\":{\"@type\":\"ImageObject\",\"url\":\"https:\\\/\\\/todaynews24campania.it\\\/wp-content\\\/uploads\\\/2025\\\/07\\\/ivana_spagna.jpg\",\"width\":889,\"height\":451},\"datePublished\":\"2025-07-25T17:16:47+02:00\",\"dateModified\":\"2025-07-25T17:16:48+02:00\",\"inLanguage\":\"it-IT\",\"mainEntityOfPage\":{\"@id\":\"https:\\\/\\\/todaynews24campania.it\\\/?p=139712#webpage\"},\"isPartOf\":{\"@id\":\"https:\\\/\\\/todaynews24campania.it\\\/?p=139712#webpage\"},\"articleSection\":\"Attualit\\u00e0 BN, Benevento\"},{\"@type\":\"BreadcrumbList\",\"@id\":\"https:\\\/\\\/todaynews24campania.it\\\/?p=139712#breadcrumblist\",\"itemListElement\":[{\"@type\":\"ListItem\",\"@id\":\"https:\\\/\\\/todaynews24campania.it#listItem\",\"position\":1,\"name\":\"Home\",\"item\":\"https:\\\/\\\/todaynews24campania.it\",\"nextItem\":{\"@type\":\"ListItem\",\"@id\":\"https:\\\/\\\/todaynews24campania.it\\\/?cat=123#listItem\",\"name\":\"Benevento\"}},{\"@type\":\"ListItem\",\"@id\":\"https:\\\/\\\/todaynews24campania.it\\\/?cat=123#listItem\",\"position\":2,\"name\":\"Benevento\",\"item\":\"https:\\\/\\\/todaynews24campania.it\\\/?cat=123\",\"nextItem\":{\"@type\":\"ListItem\",\"@id\":\"https:\\\/\\\/todaynews24campania.it\\\/?cat=69#listItem\",\"name\":\"Attualit\\u00e0 BN\"},\"previousItem\":{\"@type\":\"ListItem\",\"@id\":\"https:\\\/\\\/todaynews24campania.it#listItem\",\"name\":\"Home\"}},{\"@type\":\"ListItem\",\"@id\":\"https:\\\/\\\/todaynews24campania.it\\\/?cat=69#listItem\",\"position\":3,\"name\":\"Attualit\\u00e0 BN\",\"item\":\"https:\\\/\\\/todaynews24campania.it\\\/?cat=69\",\"nextItem\":{\"@type\":\"ListItem\",\"@id\":\"https:\\\/\\\/todaynews24campania.it\\\/?p=139712#listItem\",\"name\":\"Ivana Spagna in concerto a Puglianello: appuntamento venerd\\u00ec per i festeggiamenti di San Giacomo\"},\"previousItem\":{\"@type\":\"ListItem\",\"@id\":\"https:\\\/\\\/todaynews24campania.it\\\/?cat=123#listItem\",\"name\":\"Benevento\"}},{\"@type\":\"ListItem\",\"@id\":\"https:\\\/\\\/todaynews24campania.it\\\/?p=139712#listItem\",\"position\":4,\"name\":\"Ivana Spagna in concerto a Puglianello: appuntamento venerd\\u00ec per i festeggiamenti di San Giacomo\",\"previousItem\":{\"@type\":\"ListItem\",\"@id\":\"https:\\\/\\\/todaynews24campania.it\\\/?cat=69#listItem\",\"name\":\"Attualit\\u00e0 BN\"}}]},{\"@type\":\"Organization\",\"@id\":\"https:\\\/\\\/todaynews24campania.it\\\/#organization\",\"name\":\"Today News 24 Campania\",\"description\":\"L'Informazione Indipendente\",\"url\":\"https:\\\/\\\/todaynews24campania.it\\\/\"},{\"@type\":\"Person\",\"@id\":\"https:\\\/\\\/todaynews24campania.it\\\/?author=1#author\",\"url\":\"https:\\\/\\\/todaynews24campania.it\\\/?author=1\",\"name\":\"Eric\",\"image\":{\"@type\":\"ImageObject\",\"@id\":\"https:\\\/\\\/todaynews24campania.it\\\/?p=139712#authorImage\",\"url\":\"https:\\\/\\\/secure.gravatar.com\\\/avatar\\\/094a58fd2542e7a08f211f189a7b5407267f531925f1d1a1c3e4ef4e72112dd1?s=96&d=mm&r=g\",\"width\":96,\"height\":96,\"caption\":\"Eric\"}},{\"@type\":\"WebPage\",\"@id\":\"https:\\\/\\\/todaynews24campania.it\\\/?p=139712#webpage\",\"url\":\"https:\\\/\\\/todaynews24campania.it\\\/?p=139712\",\"name\":\"Ivana Spagna in concerto a Puglianello: appuntamento venerd\\u00ec per i festeggiamenti di San Giacomo - Today News 24 Campania\",\"description\":\"A Puglianello \\u00e8 tutto pronto per un grande appuntamento musicale: venerd\\u00ec 25 luglio, alle ore 22:00, Piazza Gabriele Pastore ospiter\\u00e0 l\\u2019esibizione di Ivana Spagna, una delle voci pi\\u00f9 iconiche del panorama musicale italiano. La cantante, conosciuta per il suo timbro inconfondibile e per una carriera costellata di successi, sar\\u00e0 protagonista di una serata all\\u2019insegna della\",\"inLanguage\":\"it-IT\",\"isPartOf\":{\"@id\":\"https:\\\/\\\/todaynews24campania.it\\\/#website\"},\"breadcrumb\":{\"@id\":\"https:\\\/\\\/todaynews24campania.it\\\/?p=139712#breadcrumblist\"},\"author\":{\"@id\":\"https:\\\/\\\/todaynews24campania.it\\\/?author=1#author\"},\"creator\":{\"@id\":\"https:\\\/\\\/todaynews24campania.it\\\/?author=1#author\"},\"image\":{\"@type\":\"ImageObject\",\"url\":\"https:\\\/\\\/todaynews24campania.it\\\/wp-content\\\/uploads\\\/2025\\\/07\\\/ivana_spagna.jpg\",\"@id\":\"https:\\\/\\\/todaynews24campania.it\\\/?p=139712\\\/#mainImage\",\"width\":889,\"height\":451},\"primaryImageOfPage\":{\"@id\":\"https:\\\/\\\/todaynews24campania.it\\\/?p=139712#mainImage\"},\"datePublished\":\"2025-07-25T17:16:47+02:00\",\"dateModified\":\"2025-07-25T17:16:48+02:00\"},{\"@type\":\"WebSite\",\"@id\":\"https:\\\/\\\/todaynews24campania.it\\\/#website\",\"url\":\"https:\\\/\\\/todaynews24campania.it\\\/\",\"name\":\"Today News 24 Campania\",\"description\":\"L'Informazione Indipendente\",\"inLanguage\":\"it-IT\",\"publisher\":{\"@id\":\"https:\\\/\\\/todaynews24campania.it\\\/#organization\"}}]}\n\t\t<\/script>\n\t\t<!-- All in One SEO -->\n\n","aioseo_head_json":{"title":"Ivana Spagna in concerto a Puglianello: appuntamento venerd\u00ec per i festeggiamenti di San Giacomo - Today News 24 Campania","description":"A Puglianello \u00e8 tutto pronto per un grande appuntamento musicale: venerd\u00ec 25 luglio, alle ore 22:00, Piazza Gabriele Pastore ospiter\u00e0 l\u2019esibizione di Ivana Spagna, una delle voci pi\u00f9 iconiche del panorama musicale italiano. La cantante, conosciuta per il suo timbro inconfondibile e per una carriera costellata di successi, sar\u00e0 protagonista di una serata all\u2019insegna della","canonical_url":"https:\/\/todaynews24campania.it\/?p=139712","robots":"max-image-preview:large","keywords":"","webmasterTools":{"miscellaneous":""},"schema":{"@context":"https:\/\/schema.org","@graph":[{"@type":"BlogPosting","@id":"https:\/\/todaynews24campania.it\/?p=139712#blogposting","name":"Ivana Spagna in concerto a Puglianello: appuntamento venerd\u00ec per i festeggiamenti di San Giacomo - Today News 24 Campania","headline":"Ivana Spagna in concerto a Puglianello: appuntamento venerd\u00ec per i festeggiamenti di San Giacomo","author":{"@id":"https:\/\/todaynews24campania.it\/?author=1#author"},"publisher":{"@id":"https:\/\/todaynews24campania.it\/#organization"},"image":{"@type":"ImageObject","url":"https:\/\/todaynews24campania.it\/wp-content\/uploads\/2025\/07\/ivana_spagna.jpg","width":889,"height":451},"datePublished":"2025-07-25T17:16:47+02:00","dateModified":"2025-07-25T17:16:48+02:00","inLanguage":"it-IT","mainEntityOfPage":{"@id":"https:\/\/todaynews24campania.it\/?p=139712#webpage"},"isPartOf":{"@id":"https:\/\/todaynews24campania.it\/?p=139712#webpage"},"articleSection":"Attualit\u00e0 BN, Benevento"},{"@type":"BreadcrumbList","@id":"https:\/\/todaynews24campania.it\/?p=139712#breadcrumblist","itemListElement":[{"@type":"ListItem","@id":"https:\/\/todaynews24campania.it#listItem","position":1,"name":"Home","item":"https:\/\/todaynews24campania.it","nextItem":{"@type":"ListItem","@id":"https:\/\/todaynews24campania.it\/?cat=123#listItem","name":"Benevento"}},{"@type":"ListItem","@id":"https:\/\/todaynews24campania.it\/?cat=123#listItem","position":2,"name":"Benevento","item":"https:\/\/todaynews24campania.it\/?cat=123","nextItem":{"@type":"ListItem","@id":"https:\/\/todaynews24campania.it\/?cat=69#listItem","name":"Attualit\u00e0 BN"},"previousItem":{"@type":"ListItem","@id":"https:\/\/todaynews24campania.it#listItem","name":"Home"}},{"@type":"ListItem","@id":"https:\/\/todaynews24campania.it\/?cat=69#listItem","position":3,"name":"Attualit\u00e0 BN","item":"https:\/\/todaynews24campania.it\/?cat=69","nextItem":{"@type":"ListItem","@id":"https:\/\/todaynews24campania.it\/?p=139712#listItem","name":"Ivana Spagna in concerto a Puglianello: appuntamento venerd\u00ec per i festeggiamenti di San Giacomo"},"previousItem":{"@type":"ListItem","@id":"https:\/\/todaynews24campania.it\/?cat=123#listItem","name":"Benevento"}},{"@type":"ListItem","@id":"https:\/\/todaynews24campania.it\/?p=139712#listItem","position":4,"name":"Ivana Spagna in concerto a Puglianello: appuntamento venerd\u00ec per i festeggiamenti di San Giacomo","previousItem":{"@type":"ListItem","@id":"https:\/\/todaynews24campania.it\/?cat=69#listItem","name":"Attualit\u00e0 BN"}}]},{"@type":"Organization","@id":"https:\/\/todaynews24campania.it\/#organization","name":"Today News 24 Campania","description":"L'Informazione Indipendente","url":"https:\/\/todaynews24campania.it\/"},{"@type":"Person","@id":"https:\/\/todaynews24campania.it\/?author=1#author","url":"https:\/\/todaynews24campania.it\/?author=1","name":"Eric","image":{"@type":"ImageObject","@id":"https:\/\/todaynews24campania.it\/?p=139712#authorImage","url":"https:\/\/secure.gravatar.com\/avatar\/094a58fd2542e7a08f211f189a7b5407267f531925f1d1a1c3e4ef4e72112dd1?s=96&d=mm&r=g","width":96,"height":96,"caption":"Eric"}},{"@type":"WebPage","@id":"https:\/\/todaynews24campania.it\/?p=139712#webpage","url":"https:\/\/todaynews24campania.it\/?p=139712","name":"Ivana Spagna in concerto a Puglianello: appuntamento venerd\u00ec per i festeggiamenti di San Giacomo - Today News 24 Campania","description":"A Puglianello \u00e8 tutto pronto per un grande appuntamento musicale: venerd\u00ec 25 luglio, alle ore 22:00, Piazza Gabriele Pastore ospiter\u00e0 l\u2019esibizione di Ivana Spagna, una delle voci pi\u00f9 iconiche del panorama musicale italiano. La cantante, conosciuta per il suo timbro inconfondibile e per una carriera costellata di successi, sar\u00e0 protagonista di una serata all\u2019insegna della","inLanguage":"it-IT","isPartOf":{"@id":"https:\/\/todaynews24campania.it\/#website"},"breadcrumb":{"@id":"https:\/\/todaynews24campania.it\/?p=139712#breadcrumblist"},"author":{"@id":"https:\/\/todaynews24campania.it\/?author=1#author"},"creator":{"@id":"https:\/\/todaynews24campania.it\/?author=1#author"},"image":{"@type":"ImageObject","url":"https:\/\/todaynews24campania.it\/wp-content\/uploads\/2025\/07\/ivana_spagna.jpg","@id":"https:\/\/todaynews24campania.it\/?p=139712\/#mainImage","width":889,"height":451},"primaryImageOfPage":{"@id":"https:\/\/todaynews24campania.it\/?p=139712#mainImage"},"datePublished":"2025-07-25T17:16:47+02:00","dateModified":"2025-07-25T17:16:48+02:00"},{"@type":"WebSite","@id":"https:\/\/todaynews24campania.it\/#website","url":"https:\/\/todaynews24campania.it\/","name":"Today News 24 Campania","description":"L'Informazione Indipendente","inLanguage":"it-IT","publisher":{"@id":"https:\/\/todaynews24campania.it\/#organization"}}]},"og:locale":"it_IT","og:site_name":"Today News 24 Campania - L'Informazione Indipendente","og:type":"article","og:title":"Ivana Spagna in concerto a Puglianello: appuntamento venerd\u00ec per i festeggiamenti di San Giacomo - Today News 24 Campania","og:description":"A Puglianello \u00e8 tutto pronto per un grande appuntamento musicale: venerd\u00ec 25 luglio, alle ore 22:00, Piazza Gabriele Pastore ospiter\u00e0 l\u2019esibizione di Ivana Spagna, una delle voci pi\u00f9 iconiche del panorama musicale italiano. La cantante, conosciuta per il suo timbro inconfondibile e per una carriera costellata di successi, sar\u00e0 protagonista di una serata all\u2019insegna della","og:url":"https:\/\/todaynews24campania.it\/?p=139712","article:published_time":"2025-07-25T15:16:47+00:00","article:modified_time":"2025-07-25T15:16:48+00:00","twitter:card":"summary_large_image","twitter:title":"Ivana Spagna in concerto a Puglianello: appuntamento venerd\u00ec per i festeggiamenti di San Giacomo - Today News 24 Campania","twitter:description":"A Puglianello \u00e8 tutto pronto per un grande appuntamento musicale: venerd\u00ec 25 luglio, alle ore 22:00, Piazza Gabriele Pastore ospiter\u00e0 l\u2019esibizione di Ivana Spagna, una delle voci pi\u00f9 iconiche del panorama musicale italiano. La cantante, conosciuta per il suo timbro inconfondibile e per una carriera costellata di successi, sar\u00e0 protagonista di una serata all\u2019insegna della"},"aioseo_meta_data":{"post_id":"139712","title":null,"description":null,"keywords":null,"keyphrases":null,"primary_term":null,"canonical_url":null,"og_title":null,"og_description":null,"og_object_type":"default","og_image_type":"default","og_image_url":null,"og_image_width":null,"og_image_height":null,"og_image_custom_url":null,"og_image_custom_fields":null,"og_video":null,"og_custom_url":null,"og_article_section":null,"og_article_tags":null,"twitter_use_og":false,"twitter_card":"default","twitter_image_type":"default","twitter_image_url":null,"twitter_image_custom_url":null,"twitter_image_custom_fields":null,"twitter_title":null,"twitter_description":null,"schema":{"blockGraphs":[],"customGraphs":[],"default":{"data":{"Article":[],"Course":[],"Dataset":[],"FAQPage":[],"Movie":[],"Person":[],"Product":[],"ProductReview":[],"Car":[],"Recipe":[],"Service":[],"SoftwareApplication":[],"WebPage":[]},"graphName":"","isEnabled":true},"graphs":[]},"schema_type":"default","schema_type_options":null,"pillar_content":false,"robots_default":true,"robots_noindex":false,"robots_noarchive":false,"robots_nosnippet":false,"robots_nofollow":false,"robots_noimageindex":false,"robots_noodp":false,"robots_notranslate":false,"robots_max_snippet":null,"robots_max_videopreview":null,"robots_max_imagepreview":"large","priority":null,"frequency":null,"local_seo":null,"breadcrumb_settings":null,"limit_modified_date":false,"ai":null,"created":"2025-11-29 15:14:15","updated":"2025-11-29 15:14:15","seo_analyzer_scan_date":null,"focus_keyword":null,"additional_keywords":null,"truseo_locale":null},"aioseo_breadcrumb":"<div class=\"aioseo-breadcrumbs\"><span class=\"aioseo-breadcrumb\">\n\t\t\t<a href=\"https:\/\/todaynews24campania.it\" title=\"Home\">Home<\/a>\n\t\t<\/span><span class=\"aioseo-breadcrumb-separator\">&raquo;<\/span><span class=\"aioseo-breadcrumb\">\n\t\t\t<a href=\"https:\/\/todaynews24campania.it\/?cat=123\" title=\"Benevento\">Benevento<\/a>\n\t\t<\/span><span class=\"aioseo-breadcrumb-separator\">&raquo;<\/span><span class=\"aioseo-breadcrumb\">\n\t\t\t<a href=\"https:\/\/todaynews24campania.it\/?cat=69\" title=\"Attualit\u00e0 BN\">Attualit\u00e0 BN<\/a>\n\t\t<\/span><span class=\"aioseo-breadcrumb-separator\">&raquo;<\/span><span class=\"aioseo-breadcrumb\">\n\t\t\tIvana Spagna in concerto a Puglianello: appuntamento venerd\u00ec per i festeggiamenti di San Giacomo\n\t\t<\/span><\/div>","aioseo_breadcrumb_json":[{"label":"Home","link":"https:\/\/todaynews24campania.it"},{"label":"Benevento","link":"https:\/\/todaynews24campania.it\/?cat=123"},{"label":"Attualit\u00e0 BN","link":"https:\/\/todaynews24campania.it\/?cat=69"},{"label":"Ivana Spagna in concerto a Puglianello: appuntamento venerd\u00ec per i festeggiamenti di San Giacomo","link":"https:\/\/todaynews24campania.it\/?p=139712"}],"_links":{"self":[{"href":"https:\/\/todaynews24campania.it\/index.php?rest_route=\/wp\/v2\/posts\/139712","targetHints":{"allow":["GET"]}}],"collection":[{"href":"https:\/\/todaynews24campania.it\/index.php?rest_route=\/wp\/v2\/posts"}],"about":[{"href":"https:\/\/todaynews24campania.it\/index.php?rest_route=\/wp\/v2\/types\/post"}],"author":[{"embeddable":true,"href":"https:\/\/todaynews24campania.it\/index.php?rest_route=\/wp\/v2\/users\/1"}],"replies":[{"embeddable":true,"href":"https:\/\/todaynews24campania.it\/index.php?rest_route=%2Fwp%2Fv2%2Fcomments&post=139712"}],"version-history":[{"count":1,"href":"https:\/\/todaynews24campania.it\/index.php?rest_route=\/wp\/v2\/posts\/139712\/revisions"}],"predecessor-version":[{"id":139815,"href":"https:\/\/todaynews24campania.it\/index.php?rest_route=\/wp\/v2\/posts\/139712\/revisions\/139815"}],"wp:featuredmedia":[{"embeddable":true,"href":"https:\/\/todaynews24campania.it\/index.php?rest_route=\/wp\/v2\/media\/139713"}],"wp:attachment":[{"href":"https:\/\/todaynews24campania.it\/index.php?rest_route=%2Fwp%2Fv2%2Fmedia&parent=139712"}],"wp:term":[{"taxonomy":"category","embeddable":true,"href":"https:\/\/todaynews24campania.it\/index.php?rest_route=%2Fwp%2Fv2%2Fcategories&post=139712"},{"taxonomy":"post_tag","embeddable":true,"href":"https:\/\/todaynews24campania.it\/index.php?rest_route=%2Fwp%2Fv2%2Ftags&post=139712"}],"curies":[{"name":"wp","href":"https:\/\/api.w.org\/{rel}","templated":true}]}}