{"id":13443,"date":"2021-08-31T14:59:12","date_gmt":"2021-08-31T12:59:12","guid":{"rendered":"http:\/\/todaynews24campania.it\/?p=13443"},"modified":"2021-09-01T12:16:40","modified_gmt":"2021-09-01T10:16:40","slug":"prestazioni-tagliate-e-asl-nel-caos-i-nostri-ragazzi-autistici-sempre-piu-discriminati","status":"publish","type":"post","link":"https:\/\/todaynews24campania.it\/?p=13443","title":{"rendered":"\u00abPrestazioni tagliate e Asl nel caos. I nostri ragazzi autistici sempre pi\u00f9 discriminati\u00bb"},"content":{"rendered":"\n<p>Anche d\u2019estate l\u2019attivit\u00e0 delle associazioni di famiglie con problemi legati all\u2019autismo non si ferma. Anzi, soprattutto d\u2019estate quando l\u2019assistenza paradossalmente si interrompe, le loro denunce si sono intensificate per sottolineare disagi e discriminazioni. \u00a0Il Comitato dei genitori di Salerno e provincia per l\u2019autismo scrive l\u2019ennesima lettera aperta alle istituzioni perch\u00e9 si facciano carico di supportare le Asl nei servizi di assistenza.<\/p>\n\n\n\n<p>\u00abL\u2019autismo \u00e8 per sempre \u2013 scrive Annarita Ruggiero, referente del comitato &#8211; si tratta di una disabilit\u00e0 permanente e l\u2019assistenza non pu\u00f2 subire n\u00e9 ritardi n\u00e9 interruzioni. Per noi autistici, nello specifico a Salerno, il tempo \u00e8 scaduto. L\u2019assistenza riabilitativa sanitaria va supportata da assistenza sociosanitaria, educativa e personalizzata a tempo indeterminato, dall\u2019inclusione sociale non discriminatoria anche in vista dell\u2019inserimento lavorativo. Bisogna restituire dignit\u00e0 e serenit\u00e0 a tutte le famiglie gi\u00e0 provate dalla patologia dello spettro autistico dei propri cari, amplificatosi in questo stato di emergenza. Il pericolo pi\u00f9 grande \u00e8 che i pazienti autistici possano regredire\u00bb. &nbsp;<\/p>\n\n\n\n<p>Da tempo le famiglie sono costrette a ricorrere anche alle vie legali per la tutela dei propri diritti. Per chi non pu\u00f2 ricorrere alle vie legali, spesso \u00e8 costretto a cambiare residenza \u201crintracciando\u201d Asl, Comuni, scuole pi\u00f9 sensibili alle urgenze dell\u2019autismo in modo da ricevere pi\u00f9 servizi, stabilit\u00e0, continuit\u00e0.<\/p>\n\n\n\n<p>\u00abPer chi, infine, non pu\u00f2 ricorrere alle vie legali o cambiare residenza \u2013 aggiunge la Ruggiero &#8211; resta la discriminazione, l\u2019umiliazione e la frustrazione di non poter garantire al proprio figlio l\u2019adeguata assistenza nel tempo. Le famiglie sacrificano lavoro e sogni per dedicarsi ai propri cari pi\u00f9 \u201cinvisibili tra invisibili\u201d perch\u00e9 da troppo tempo le soluzioni a Salerno e provincia sono tardive, nonostante le innumerevoli leggi a supporto e le note dei direttori sanitari. Intanto settembre \u00e8 arrivato: dopo un mese di sospensione delle terapie riabilitative sanitarie i centri accreditati non sanno come e quando saranno aggiornate le prese in carico dopo i tagli alle prestazioni, i piani terapeutici modificati, le note credito avanzate, i decreti ingiuntivi pianificati di questi mesi. Insomma, i centri convenzionati, le associazioni di categoria, le cooperative, le famiglie, i pazienti, gli operatori, a oggi sono in grande sofferenza. Salerno deve \u201caprirsi\u201d, non \u00e8 pi\u00f9 ammissibile in una societ\u00e0 civile, che la diversit\u00e0 tra Province, Comuni, direttori, dirigenti per diversit\u00e0 di approcci, di fondi, progetti e requisiti di accesso creino confusione, disparit\u00e0 di trattamento e quindi discriminazione. Le procedure di presa in carico \u2013 conclude la Ruggiero &#8211; vanno semplificate e condivise, senza perdersi nei meandri della burocrazia con i giusti investimenti. E\u2019 doveroso attivarsi in &nbsp;sinergia al fine di garantire interventi costanti e mirati.<\/p>\n","protected":false},"excerpt":{"rendered":"<p>Anche d\u2019estate l\u2019attivit\u00e0 delle associazioni di famiglie con problemi legati all\u2019autismo non si ferma. Anzi, soprattutto d\u2019estate quando l\u2019assistenza paradossalmente si interrompe, le loro denunce si sono intensificate per sottolineare disagi e discriminazioni. \u00a0Il Comitato dei genitori di Salerno e provincia per l\u2019autismo scrive l\u2019ennesima lettera aperta alle istituzioni perch\u00e9 si facciano carico di supportare &hellip;<\/p>\n","protected":false},"author":3,"featured_media":13445,"comment_status":"open","ping_status":"open","sticky":false,"template":"","format":"standard","meta":{"footnotes":""},"categories":[126,136],"tags":[],"class_list":["post-13443","post","type-post","status-publish","format-standard","has-post-thumbnail","hentry","category-attualita-salerno","category-salerno"],"aioseo_notices":[],"_links":{"self":[{"href":"https:\/\/todaynews24campania.it\/index.php?rest_route=\/wp\/v2\/posts\/13443","targetHints":{"allow":["GET"]}}],"collection":[{"href":"https:\/\/todaynews24campania.it\/index.php?rest_route=\/wp\/v2\/posts"}],"about":[{"href":"https:\/\/todaynews24campania.it\/index.php?rest_route=\/wp\/v2\/types\/post"}],"author":[{"embeddable":true,"href":"https:\/\/todaynews24campania.it\/index.php?rest_route=\/wp\/v2\/users\/3"}],"replies":[{"embeddable":true,"href":"https:\/\/todaynews24campania.it\/index.php?rest_route=%2Fwp%2Fv2%2Fcomments&post=13443"}],"version-history":[{"count":3,"href":"https:\/\/todaynews24campania.it\/index.php?rest_route=\/wp\/v2\/posts\/13443\/revisions"}],"predecessor-version":[{"id":13553,"href":"https:\/\/todaynews24campania.it\/index.php?rest_route=\/wp\/v2\/posts\/13443\/revisions\/13553"}],"wp:featuredmedia":[{"embeddable":true,"href":"https:\/\/todaynews24campania.it\/index.php?rest_route=\/wp\/v2\/media\/13445"}],"wp:attachment":[{"href":"https:\/\/todaynews24campania.it\/index.php?rest_route=%2Fwp%2Fv2%2Fmedia&parent=13443"}],"wp:term":[{"taxonomy":"category","embeddable":true,"href":"https:\/\/todaynews24campania.it\/index.php?rest_route=%2Fwp%2Fv2%2Fcategories&post=13443"},{"taxonomy":"post_tag","embeddable":true,"href":"https:\/\/todaynews24campania.it\/index.php?rest_route=%2Fwp%2Fv2%2Ftags&post=13443"}],"curies":[{"name":"wp","href":"https:\/\/api.w.org\/{rel}","templated":true}]}}