{"id":13427,"date":"2021-09-01T07:36:46","date_gmt":"2021-09-01T05:36:46","guid":{"rendered":"http:\/\/todaynews24campania.it\/?p=13427"},"modified":"2023-11-20T12:43:28","modified_gmt":"2023-11-20T11:43:28","slug":"positano-ragazzo-si-tuffa-in-mare-e-finisce-sugli-scogli","status":"publish","type":"post","link":"https:\/\/todaynews24campania.it\/?p=13427","title":{"rendered":"Positano: ragazzo si tuffa in mare e finisce sugli scogli"},"content":{"rendered":"<p>Pomeriggio di&nbsp;<strong>Paura&nbsp;<\/strong>a&nbsp;<strong>Positano&nbsp;<\/strong>dove un&nbsp;<strong>ragazzo&nbsp;<\/strong>\u00e8 finito sugli&nbsp;<strong>scogli&nbsp;<\/strong>tuffandosi in mare. \u00c8 accaduto nella giornata di ieri, <a href=\"https:\/\/salerno.occhionotizie.it\/giostrine-distrutte-cava-tirreni-via-canale\/\" target=\"_blank\" rel=\"noopener\">nei pressi della spiaggia di Arienzo dove il giovane<\/a> si \u00e8 tuffato procurandosi una <span class=\"Fid_2\">ferita lacero contusa ed un trauma cranico come riportato dal quotidiano&nbsp;<\/span><span class=\"Fid_2\"><em>La Citt\u00e0.<\/em><\/span><\/p>\n<div>\n<p>Immediato l\u2019arrivo sul posto degli<span class=\"Fid_2\"> uomini del Comitato della Costiera Amalfitana della <\/span><span class=\"Fid_2\"><a href=\"https:\/\/cri.it\/\" target=\"_blank\" rel=\"noopener\">Croce Rossa Italiana,<\/a><\/span><span class=\"Fid_2\"> intervenuto con l\u2019idroambulanza per soccorrere il giovane, trasportato al porto di Amalfi da dove, a bordo di un\u2019ambulanza medicalizzata, \u00e8 stato trasferito in ospedale.<\/span><\/p>\n<\/div>\n","protected":false},"excerpt":{"rendered":"<p>Pomeriggio di&nbsp;Paura&nbsp;a&nbsp;Positano&nbsp;dove un&nbsp;ragazzo&nbsp;\u00e8 finito sugli&nbsp;scogli&nbsp;tuffandosi in mare. \u00c8 accaduto nella giornata di ieri, nei pressi della spiaggia di Arienzo dove il giovane si \u00e8 tuffato procurandosi una ferita lacero contusa ed un trauma cranico come riportato dal quotidiano&nbsp;La Citt\u00e0. Immediato l\u2019arrivo sul posto degli uomini del Comitato della Costiera Amalfitana della Croce Rossa Italiana, intervenuto &hellip;<\/p>\n","protected":false},"author":1,"featured_media":13428,"comment_status":"closed","ping_status":"closed","sticky":false,"template":"","format":"standard","meta":{"footnotes":""},"categories":[128],"tags":[],"class_list":["post-13427","post","type-post","status-publish","format-standard","has-post-thumbnail","hentry","category-cronaca-salerno"],"aioseo_notices":[],"_links":{"self":[{"href":"https:\/\/todaynews24campania.it\/index.php?rest_route=\/wp\/v2\/posts\/13427","targetHints":{"allow":["GET"]}}],"collection":[{"href":"https:\/\/todaynews24campania.it\/index.php?rest_route=\/wp\/v2\/posts"}],"about":[{"href":"https:\/\/todaynews24campania.it\/index.php?rest_route=\/wp\/v2\/types\/post"}],"author":[{"embeddable":true,"href":"https:\/\/todaynews24campania.it\/index.php?rest_route=\/wp\/v2\/users\/1"}],"replies":[{"embeddable":true,"href":"https:\/\/todaynews24campania.it\/index.php?rest_route=%2Fwp%2Fv2%2Fcomments&post=13427"}],"version-history":[{"count":1,"href":"https:\/\/todaynews24campania.it\/index.php?rest_route=\/wp\/v2\/posts\/13427\/revisions"}],"predecessor-version":[{"id":13488,"href":"https:\/\/todaynews24campania.it\/index.php?rest_route=\/wp\/v2\/posts\/13427\/revisions\/13488"}],"wp:featuredmedia":[{"embeddable":true,"href":"https:\/\/todaynews24campania.it\/index.php?rest_route=\/wp\/v2\/media\/13428"}],"wp:attachment":[{"href":"https:\/\/todaynews24campania.it\/index.php?rest_route=%2Fwp%2Fv2%2Fmedia&parent=13427"}],"wp:term":[{"taxonomy":"category","embeddable":true,"href":"https:\/\/todaynews24campania.it\/index.php?rest_route=%2Fwp%2Fv2%2Fcategories&post=13427"},{"taxonomy":"post_tag","embeddable":true,"href":"https:\/\/todaynews24campania.it\/index.php?rest_route=%2Fwp%2Fv2%2Ftags&post=13427"}],"curies":[{"name":"wp","href":"https:\/\/api.w.org\/{rel}","templated":true}]}}