{"id":130998,"date":"2025-03-24T12:22:47","date_gmt":"2025-03-24T11:22:47","guid":{"rendered":"https:\/\/todaynews24campania.it\/?p=130998"},"modified":"2025-03-24T12:23:24","modified_gmt":"2025-03-24T11:23:24","slug":"napoli-aggressione-contro-attivisti-palestinesi-alla-stazione-di-montesanto-e-stata-violenza-razziale","status":"publish","type":"post","link":"https:\/\/todaynews24campania.it\/?p=130998","title":{"rendered":"Napoli, aggressione contro attivisti palestinesi alla stazione di Montesanto: \u00c8 stata violenza razziale"},"content":{"rendered":"<div>\n<p>Il regista e attivista per i diritti palestinesi, Omar Suleiman, ha raccontato di essere stato vittima di un&#8217;aggressione &#8220;a sfondo razziale&#8221; sabato 22 marzo mentre si trovava con un amico nei pressi della stazione di Montesanto, a Napoli. Suleiman, insieme a un compagno della comunit\u00e0 palestinese della Campania, indossava una kufia quando \u00e8 stato aggredito. L\u2019incidente \u00e8 avvenuto nel tardo pomeriggio, intorno alle 16:30, nella stazione della Cumana. Secondo il racconto dell\u2019attivista, un individuo ha iniziato a provocarlo ripetutamente con gesti banali, come mettere in sottofondo l&#8217;inno israeliano, e cercando anche il contatto fisico, in attesa di una reazione da parte loro. Poich\u00e9 non c\u2019\u00e8 stata alcuna risposta, l&#8217;aggressore li ha aggrediti fisicamente alle spalle.<\/p>\n<p>Suleiman ha sottolineato che l&#8217;aggressione \u00e8 particolarmente grave e ha deciso di sporgere denuncia. Ha anche evidenziato la necessit\u00e0 di denunciare pubblicamente l\u2019episodio, poich\u00e9 avviene in un contesto politico caratterizzato da indifferenza verso la situazione in Palestina. Secondo Suleiman, l\u2019indifferenza mostrata da alcune persone durante l&#8217;aggressione, che l&#8217;hanno minimizzata con commenti come &#8220;Ah vabb\u00e8, sono fatti di religione&#8221;, evidenzia un&#8217;\u201dempatia selettiva\u201d che non pu\u00f2 essere tollerata.<\/p>\n<p>L&#8217;associazione salernitana Memoria in Movimento ha espresso solidariet\u00e0 a Suleiman, denunciando l\u2019aggressione come parte di un pi\u00f9 ampio fenomeno di islamofobia. Nonostante ci\u00f2, l\u2019associazione ha dichiarato che questo atto non fermer\u00e0 la lotta per la libert\u00e0 e i diritti del popolo palestinese, annunciando anche che la Comunit\u00e0 Palestinese della Campania parteciper\u00e0 con maggiore determinazione alle prossime iniziative, tra cui un concerto il 18 aprile a favore di Gaza.<\/p>\n<\/div>\n","protected":false},"excerpt":{"rendered":"<p>Il regista e attivista per i diritti palestinesi, Omar Suleiman, ha raccontato di essere stato vittima di un&#8217;aggressione &#8220;a sfondo razziale&#8221; sabato 22 marzo mentre si trovava con un amico nei pressi della stazione di Montesanto, a Napoli. Suleiman, insieme a un compagno della comunit\u00e0 palestinese della Campania, indossava una kufia quando \u00e8 stato aggredito. &hellip;<\/p>\n","protected":false},"author":1,"featured_media":130999,"comment_status":"closed","ping_status":"open","sticky":false,"template":"","format":"standard","meta":{"footnotes":""},"categories":[78,31],"tags":[],"class_list":["post-130998","post","type-post","status-publish","format-standard","has-post-thumbnail","hentry","category-cronaca-napoli","category-napoli"],"aioseo_notices":[],"_links":{"self":[{"href":"https:\/\/todaynews24campania.it\/index.php?rest_route=\/wp\/v2\/posts\/130998","targetHints":{"allow":["GET"]}}],"collection":[{"href":"https:\/\/todaynews24campania.it\/index.php?rest_route=\/wp\/v2\/posts"}],"about":[{"href":"https:\/\/todaynews24campania.it\/index.php?rest_route=\/wp\/v2\/types\/post"}],"author":[{"embeddable":true,"href":"https:\/\/todaynews24campania.it\/index.php?rest_route=\/wp\/v2\/users\/1"}],"replies":[{"embeddable":true,"href":"https:\/\/todaynews24campania.it\/index.php?rest_route=%2Fwp%2Fv2%2Fcomments&post=130998"}],"version-history":[{"count":2,"href":"https:\/\/todaynews24campania.it\/index.php?rest_route=\/wp\/v2\/posts\/130998\/revisions"}],"predecessor-version":[{"id":131006,"href":"https:\/\/todaynews24campania.it\/index.php?rest_route=\/wp\/v2\/posts\/130998\/revisions\/131006"}],"wp:featuredmedia":[{"embeddable":true,"href":"https:\/\/todaynews24campania.it\/index.php?rest_route=\/wp\/v2\/media\/130999"}],"wp:attachment":[{"href":"https:\/\/todaynews24campania.it\/index.php?rest_route=%2Fwp%2Fv2%2Fmedia&parent=130998"}],"wp:term":[{"taxonomy":"category","embeddable":true,"href":"https:\/\/todaynews24campania.it\/index.php?rest_route=%2Fwp%2Fv2%2Fcategories&post=130998"},{"taxonomy":"post_tag","embeddable":true,"href":"https:\/\/todaynews24campania.it\/index.php?rest_route=%2Fwp%2Fv2%2Ftags&post=130998"}],"curies":[{"name":"wp","href":"https:\/\/api.w.org\/{rel}","templated":true}]}}