{"id":11534,"date":"2021-08-11T11:44:12","date_gmt":"2021-08-11T09:44:12","guid":{"rendered":"http:\/\/todaynews24campania.it\/?p=11534"},"modified":"2021-08-27T09:41:37","modified_gmt":"2021-08-27T07:41:37","slug":"benevento-del-mese-azione-ritiro-la-mia-candidatura-a-sindaco","status":"publish","type":"post","link":"https:\/\/todaynews24campania.it\/?p=11534","title":{"rendered":"Benevento, Del Mese (Azione): &#8220;Ritiro la mia candidatura a sindaco&#8221;"},"content":{"rendered":"\n<p>&#8220;\u00c8 con grande dispiacere che comunico la decisione di ritirare, per motivi personali, la mia candidatura a Sindaco di Benevento. La Citt\u00e0, alla quale non negher\u00f2 la mia lunga esperienza maturata nelle Istituzioni, avr\u00e0 comunque bisogno di un impegno comune per uscire dalle dimensioni individuali. Ringrazio gli amici che mi hanno sostenuto, i concittadini che in queste settimane mi hanno testimoniato entusiasmo e vicinanza, i candidati, lo staff e gli organi di stampa&#8221;.<\/p>\n\n\n\n<p>Con questa nota stringata l&#8217;avvocato Antonio Del Mese, candidato a sindaco di Benevento per Azione, il movimento politico di Calenda e Richetti, ha annunciato agli organi di stampa la sua decisione. &#8220;Motivi personali&#8221; \u00e8 specificato nel testo e non vi sono, al momento, altre ipotesi.<\/p>\n\n\n\n<p>Azione, dopo aver candidato Calenda a sindaco di Roma e aver assicurato il sostegno a Bassolino a Napoli e a Sala a Milano, aveva incassato, con l&#8217;adesione di Del Mese, un importante risultato nel percorso di crescita e diffusione territoriale del movimento. Non \u00e8 chiaro se Del Mese lascer\u00e0 anche Azione ma sicuramente la sua rinuncia per Calenda costituisce una brutta tegola. <\/p>\n","protected":false},"excerpt":{"rendered":"<p>&#8220;\u00c8 con grande dispiacere che comunico la decisione di ritirare, per motivi personali, la mia candidatura a Sindaco di Benevento. La Citt\u00e0, alla quale non negher\u00f2 la mia lunga esperienza maturata nelle Istituzioni, avr\u00e0 comunque bisogno di un impegno comune per uscire dalle dimensioni individuali. Ringrazio gli amici che mi hanno sostenuto, i concittadini che &hellip;<\/p>\n","protected":false},"author":3,"featured_media":11535,"comment_status":"open","ping_status":"open","sticky":false,"template":"","format":"standard","meta":{"footnotes":""},"categories":[67],"tags":[],"class_list":["post-11534","post","type-post","status-publish","format-standard","has-post-thumbnail","hentry","category-politica-benevento"],"aioseo_notices":[],"_links":{"self":[{"href":"https:\/\/todaynews24campania.it\/index.php?rest_route=\/wp\/v2\/posts\/11534","targetHints":{"allow":["GET"]}}],"collection":[{"href":"https:\/\/todaynews24campania.it\/index.php?rest_route=\/wp\/v2\/posts"}],"about":[{"href":"https:\/\/todaynews24campania.it\/index.php?rest_route=\/wp\/v2\/types\/post"}],"author":[{"embeddable":true,"href":"https:\/\/todaynews24campania.it\/index.php?rest_route=\/wp\/v2\/users\/3"}],"replies":[{"embeddable":true,"href":"https:\/\/todaynews24campania.it\/index.php?rest_route=%2Fwp%2Fv2%2Fcomments&post=11534"}],"version-history":[{"count":1,"href":"https:\/\/todaynews24campania.it\/index.php?rest_route=\/wp\/v2\/posts\/11534\/revisions"}],"predecessor-version":[{"id":11536,"href":"https:\/\/todaynews24campania.it\/index.php?rest_route=\/wp\/v2\/posts\/11534\/revisions\/11536"}],"wp:featuredmedia":[{"embeddable":true,"href":"https:\/\/todaynews24campania.it\/index.php?rest_route=\/wp\/v2\/media\/11535"}],"wp:attachment":[{"href":"https:\/\/todaynews24campania.it\/index.php?rest_route=%2Fwp%2Fv2%2Fmedia&parent=11534"}],"wp:term":[{"taxonomy":"category","embeddable":true,"href":"https:\/\/todaynews24campania.it\/index.php?rest_route=%2Fwp%2Fv2%2Fcategories&post=11534"},{"taxonomy":"post_tag","embeddable":true,"href":"https:\/\/todaynews24campania.it\/index.php?rest_route=%2Fwp%2Fv2%2Ftags&post=11534"}],"curies":[{"name":"wp","href":"https:\/\/api.w.org\/{rel}","templated":true}]}}