{"id":10253,"date":"2021-07-27T07:13:48","date_gmt":"2021-07-27T05:13:48","guid":{"rendered":"http:\/\/todaynews24campania.it\/?p=10253"},"modified":"2021-07-27T07:13:49","modified_gmt":"2021-07-27T05:13:49","slug":"addio-alla-19enne-rita-a-trentola-ducenta-lutto-cittadino","status":"publish","type":"post","link":"https:\/\/todaynews24campania.it\/?p=10253","title":{"rendered":"Addio alla 19enne Rita. A Trentola Ducenta lutto cittadino"},"content":{"rendered":"<div id=\"\">\n<div id=\"\">Lutto cittadino il giorno dei funerali di <strong>Rita De Chiara<\/strong>. Ad annunciarlo il sindaco di Trentola Ducenta, <strong>Michele Apicella<\/strong>, da sempre sensibile dopo queste tragedie e appena \u00e8 venuto a sapere di questa terribile notizia si \u00e8 immediatamente attivato anche con gli uffici comunali e i dirigenti verso quello che \u00e8 sicuramente un provvedimento di vicinanza alla famiglia e di fatto anche una sorta di \u2018atto dovuto\u2019 dopo la morte di una ragazzina di appena 19 anni.Ecco il messaggio che il primo cittadino ha anche affidato ai social: \u201cCari concittadini \u00e8 per me oltremodo difficile questa volta riuscire a trovare le parole giuste per parlare di quanto accaduto. Come molti di voi gi\u00e0 sapranno, una giovane concittadina di 19 anni, Rita De Chiara, \u00e8 venuta a mancare, a causa di un incidente stradale. \u00c8 questo un momento di silenzio assordante, di dolore inspiegabile e lacerante, a cui non riuscir\u00f2 mai e credo nessuno riuscir\u00e0 mai a trovare un senso; nessuna vita dovrebbe essere stroncata cos\u00ec, mai. Mi unisco, con sentita partecipazione, al dolore di tutta la famiglia e di tutti i cari di Rita, con la certezza che l\u2019amore provato in vita sar\u00e0 imperituro. Invito l\u2019intera Comunit\u00e0 di Trentola Ducenta a praticare, un eloquente e rispettoso silenzio, in concomitanza, poi, con i funerali sar\u00e0 proclamato il lutto cittadino\u201d.<\/p>\n<\/div>\n<\/div>\n","protected":false},"excerpt":{"rendered":"<p>Lutto cittadino il giorno dei funerali di Rita De Chiara. Ad annunciarlo il sindaco di Trentola Ducenta, Michele Apicella, da sempre sensibile dopo queste tragedie e appena \u00e8 venuto a sapere di questa terribile notizia si \u00e8 immediatamente attivato anche con gli uffici comunali e i dirigenti verso quello che \u00e8 sicuramente un provvedimento di &hellip;<\/p>\n","protected":false},"author":1,"featured_media":10254,"comment_status":"open","ping_status":"open","sticky":false,"template":"","format":"standard","meta":{"footnotes":""},"categories":[73],"tags":[],"class_list":["post-10253","post","type-post","status-publish","format-standard","has-post-thumbnail","hentry","category-cronaca-caserta"],"aioseo_notices":[],"_links":{"self":[{"href":"https:\/\/todaynews24campania.it\/index.php?rest_route=\/wp\/v2\/posts\/10253","targetHints":{"allow":["GET"]}}],"collection":[{"href":"https:\/\/todaynews24campania.it\/index.php?rest_route=\/wp\/v2\/posts"}],"about":[{"href":"https:\/\/todaynews24campania.it\/index.php?rest_route=\/wp\/v2\/types\/post"}],"author":[{"embeddable":true,"href":"https:\/\/todaynews24campania.it\/index.php?rest_route=\/wp\/v2\/users\/1"}],"replies":[{"embeddable":true,"href":"https:\/\/todaynews24campania.it\/index.php?rest_route=%2Fwp%2Fv2%2Fcomments&post=10253"}],"version-history":[{"count":1,"href":"https:\/\/todaynews24campania.it\/index.php?rest_route=\/wp\/v2\/posts\/10253\/revisions"}],"predecessor-version":[{"id":10292,"href":"https:\/\/todaynews24campania.it\/index.php?rest_route=\/wp\/v2\/posts\/10253\/revisions\/10292"}],"wp:featuredmedia":[{"embeddable":true,"href":"https:\/\/todaynews24campania.it\/index.php?rest_route=\/wp\/v2\/media\/10254"}],"wp:attachment":[{"href":"https:\/\/todaynews24campania.it\/index.php?rest_route=%2Fwp%2Fv2%2Fmedia&parent=10253"}],"wp:term":[{"taxonomy":"category","embeddable":true,"href":"https:\/\/todaynews24campania.it\/index.php?rest_route=%2Fwp%2Fv2%2Fcategories&post=10253"},{"taxonomy":"post_tag","embeddable":true,"href":"https:\/\/todaynews24campania.it\/index.php?rest_route=%2Fwp%2Fv2%2Ftags&post=10253"}],"curies":[{"name":"wp","href":"https:\/\/api.w.org\/{rel}","templated":true}]}}