{"id":10251,"date":"2021-07-27T07:14:02","date_gmt":"2021-07-27T05:14:02","guid":{"rendered":"http:\/\/todaynews24campania.it\/?p=10251"},"modified":"2021-07-27T07:14:04","modified_gmt":"2021-07-27T05:14:04","slug":"antonio-del-mese-ufficializza-la-candidatura-a-sindaco-il-mio-impegno-di-serieta-per-benevento","status":"publish","type":"post","link":"https:\/\/todaynews24campania.it\/?p=10251","title":{"rendered":"Antonio Del Mese ufficializza la candidatura a sindaco: \u201cIl mio impegno di seriet\u00e0 per Benevento\u201d"},"content":{"rendered":"<p>&#8220;Mi candido a sindaco perch\u00e9 Benevento ha bisogno di essere governata con idee chiare, di una nuova classe dirigente, di seriet\u00e0, competenza di un\u2019azione riformista e di una rivoluzione politica e istituzionale\u2019.<\/p>\n<div>\n<p>Sono le parole di <strong>Antonio Del Mese \u2013 avvocato e dirigente dell\u2019Avvocatura dell\u2019Autorit\u00e0 di Sistema Portuale del Mar Tirreno Centrale \u2013 <\/strong>che ha ufficializzato il suo impegno per la citt\u00e0 di Benevento, sostenuto dal <strong>partito<\/strong> di Calenda, <strong>Azione<\/strong>, consapevole della necessit\u00e0 di \u201drestituire fiducia alla popolazione nella politica\u201d, di tornare a parlare di contenuti e di fare della politica qualcosa di serio che non sia pi\u00f9 chiacchiericcio inconcludente, antimastellismo o populismo rovinoso a Cinquestelle.<\/p>\n<p>Le sue idee sono chiare, si rivolgono a tutti i cittadini e, in particolare, a quel 45 per cento che non vota pi\u00f9 in citt\u00e0 e il suo impegno per una \u2018Benevento, sul serio\u2019 si muover\u00e0 come ha ricordato, sulla scia dei valori che gi\u00e0 suo padre, nel \u201993 aveva manifestato candidandosi, e di Falcone e Borsellino, che pi\u00f9 volte ha citato.<\/p>\n<p>La<strong> concretezza <\/strong>\u00e8 stata manifestata con l\u2019elencazione di \u201d<strong>alcune cose che non vanno<\/strong>\u201d sulle quali, secondo Del Mese, bisogna lavorare per far ripartire Benevento e di alcuni \u201d<strong>punti programmatici<\/strong>\u201d: <strong>tra le cose che non funzionano<\/strong> citate ci sono l\u2019inefficienza di una <strong>segnaletica turistica<\/strong>, il mancato effetto sullo sviluppo turistico e dell\u2019indotto della presenza del fossile di <strong>dinosauro Ciro<\/strong> \u201dconfinato in un angolo remoto del centro operativo della Soprintendenza e del <strong>riconoscimento Unesco<\/strong>, dell\u2019<strong>Hortus Conclusus<\/strong>; la scarsa capacit\u00e0 di rendere Benevento con i suoi 28 teatri una vera \u201d<strong>citt\u00e0 dei teatri<\/strong>\u201d; la mancata valorizzazione della <strong>Cripta dei Sabariani<\/strong> e dei vicoli del<strong> centro storico<\/strong>, \u201dridotti a discariche a cielo aperto\u201d; l\u2019assenza di una politica sulle <strong>contrade<\/strong> e sulle<strong> periferie<\/strong>; \u201dl\u2019illusoriet\u00e0 e l\u2019improbabilit\u00e0 delle <strong>aree Pip<\/strong>\u201d a Benevento da riconsegnare semmai all\u2019agricoltura; scarsit\u00e0 di <strong>spazi verdi<\/strong>.<\/p>\n<p><strong>Tra le prime cinque azioni a costo zero<\/strong> <strong>da fare nell\u2019immediato<\/strong> Del Mese pone: \u201dl\u2019istituzione degli<strong> strumenti di partecipazione <\/strong>previsti dallo statuto comunale (circoscrizioni di decentramento, conferenza economica cittadina, conferenza degli enti e degli operatori culturali, forum dei cittadini), l\u2019istituzione di uno <strong>sportello <\/strong>di prossimit\u00e0, di una squadra di pronto intervento; agevolare la <strong>burocrazia 2.0<\/strong>; la valorizzazione dei <strong>giovani <\/strong>e della <strong>parit\u00e0 di genere<\/strong>.\u201d<\/p>\n<p>Poi, Del Mese ha elencato <strong>le prime cinque azioni del programma di mandato<\/strong>: \u201dValorizzazione della <strong>filiera enogastronomica<\/strong>; avvio di una nuova campagna di <strong>scavi archeologici<\/strong>; nuova politica territoriale, ambientale ed energetica; riqualificare la<strong> sanit\u00e0<\/strong> con il rafforzamento dell\u2019erogazione diretta da parte dell\u2019Asl delle prestazioni territoriali e rendere l\u2019ospedale San Pio 4.0; puntare sulla<strong> politica delle aree interne<\/strong> con la partecipazione attiva al Forum permanente degli amministratori delle aree interne attivato dai vescovi delle Metropolia beneventana\u201d.<\/p>\n<p>Alla ufficializzazione della candidatura di Antonio Del Mese si \u00e8 registrata la presenza, che potrebbe significare anche una diretta discesa in campo, dell\u2019esponente <strong>PSI<\/strong>, Giovanni <strong>D\u2019Aronzo<\/strong>, e del <strong>Nuovo PSI<\/strong>, Ugo Del <strong>Sorbo<\/strong>.<\/p>\n<p>Al suo fianco e in prima linea, sicuramente ci sar\u00e0 l\u2019ex assessora mastelliana Amina <strong>Ingaldi<\/strong>, che, pur essendosi riproposta di non impegnarsi pi\u00f9 in politica, ha ribadito di assicurare con Del Mese il suo impegno per la citt\u00e0 condividendone i valori di libert\u00e0, seriet\u00e0 e impegno per i cittadini e perch\u00e9 con Azione c\u2019\u00e8 l\u2019opportunit\u00e0 di svoltare.\u201d<\/p>\n<p>A sostenere la candidatura di Del Mese, il <strong>senatore Matteo Richetti<\/strong>, che l\u2019ha definita \u201d<strong>l\u2019occasione storica per Benevento<\/strong>\u2018, contro il qualunquismo e contro la banalizzazione del dibattito politico avvitato sulla figura e sui comportamenti di Mastella&#8221;.<\/p>\n<\/div>\n","protected":false},"excerpt":{"rendered":"<p>&#8220;Mi candido a sindaco perch\u00e9 Benevento ha bisogno di essere governata con idee chiare, di una nuova classe dirigente, di seriet\u00e0, competenza di un\u2019azione riformista e di una rivoluzione politica e istituzionale\u2019. Sono le parole di Antonio Del Mese \u2013 avvocato e dirigente dell\u2019Avvocatura dell\u2019Autorit\u00e0 di Sistema Portuale del Mar Tirreno Centrale \u2013 che ha &hellip;<\/p>\n","protected":false},"author":1,"featured_media":10252,"comment_status":"open","ping_status":"open","sticky":false,"template":"","format":"standard","meta":{"footnotes":""},"categories":[67],"tags":[],"class_list":["post-10251","post","type-post","status-publish","format-standard","has-post-thumbnail","hentry","category-politica-benevento"],"aioseo_notices":[],"_links":{"self":[{"href":"https:\/\/todaynews24campania.it\/index.php?rest_route=\/wp\/v2\/posts\/10251","targetHints":{"allow":["GET"]}}],"collection":[{"href":"https:\/\/todaynews24campania.it\/index.php?rest_route=\/wp\/v2\/posts"}],"about":[{"href":"https:\/\/todaynews24campania.it\/index.php?rest_route=\/wp\/v2\/types\/post"}],"author":[{"embeddable":true,"href":"https:\/\/todaynews24campania.it\/index.php?rest_route=\/wp\/v2\/users\/1"}],"replies":[{"embeddable":true,"href":"https:\/\/todaynews24campania.it\/index.php?rest_route=%2Fwp%2Fv2%2Fcomments&post=10251"}],"version-history":[{"count":2,"href":"https:\/\/todaynews24campania.it\/index.php?rest_route=\/wp\/v2\/posts\/10251\/revisions"}],"predecessor-version":[{"id":10294,"href":"https:\/\/todaynews24campania.it\/index.php?rest_route=\/wp\/v2\/posts\/10251\/revisions\/10294"}],"wp:featuredmedia":[{"embeddable":true,"href":"https:\/\/todaynews24campania.it\/index.php?rest_route=\/wp\/v2\/media\/10252"}],"wp:attachment":[{"href":"https:\/\/todaynews24campania.it\/index.php?rest_route=%2Fwp%2Fv2%2Fmedia&parent=10251"}],"wp:term":[{"taxonomy":"category","embeddable":true,"href":"https:\/\/todaynews24campania.it\/index.php?rest_route=%2Fwp%2Fv2%2Fcategories&post=10251"},{"taxonomy":"post_tag","embeddable":true,"href":"https:\/\/todaynews24campania.it\/index.php?rest_route=%2Fwp%2Fv2%2Ftags&post=10251"}],"curies":[{"name":"wp","href":"https:\/\/api.w.org\/{rel}","templated":true}]}}